{"id":729527,"date":"2015-09-30T15:00:35","date_gmt":"2015-09-30T13:00:35","guid":{"rendered":"https:\/\/dailynewshungary.com\/it\/orban-in-intervista-al-wsj-sulla-crisi-dei-migranti\/"},"modified":"2015-09-30T15:00:35","modified_gmt":"2015-09-30T13:00:35","slug":"orban-in-intervista-al-wsj-sulla-crisi-dei-migranti","status":"publish","type":"post","link":"https:\/\/dailynewshungary.com\/it\/orban-in-intervista-al-wsj-sulla-crisi-dei-migranti\/","title":{"rendered":"Orban in intervista al WSJ sulla crisi dei migranti"},"content":{"rendered":"<p><strong>Budapest, 3 settembre (MTI) 3 In un&#8217;intervista al Wall Street Journal pubblicata mercoled\u00ec, il primo ministro Viktor Orban ha affermato che l&#8217;afflusso di migranti potrebbe minare l&#8217;Unione Europea se il blocco non adotta misure severe per contenere la crisi.<\/strong><\/p>\n<p>\u201cSenza una soluzione internazionale in Siria, non c&#8217;\u00e8 alcuna possibilit\u00e0 di fermare l&#8217;alluvione Il mondo, il mondo sviluppato non dovrebbe considerarla una sfida solo per gli europei, ha detto marted\u00ec il primo ministro della\u201d Viktor Orban nell&#8217;intervista a margine dell&#8217;assemblea generale delle Nazioni Unite.<\/p>\n<p>Ha difeso le misure pi\u00f9 severe dell&#8217;Ungheria che criminalizzano le violazioni delle frontiere e la recinzione al confine meridionale del paese.<\/p>\n<p>\u201cGli Stati Uniti e altri paesi, e anche i paesi arabi ricchi, dovrebbero prendere alcuni [rifugiati] perch\u00e9 l\u2019Europa non pu\u00f2 gestirli. La crisi potrebbe destabilizzare facilmente l\u2019Europa. Non \u00e8 difficile immaginare che tra uno o due anni la vecchia \u00e9lite politica sar\u00e0 sostituita dai radicali, ha detto il primo ministro, il\u201d, aggiungendo che l\u2019Ungheria non ha bisogno dei migranti.<\/p>\n<p>\u201cIl lavoro del mondo oggi non \u00e8 quello di dare una nuova vita a queste persone ma di fornire una possibilit\u00e0 di continuare la propria vita a casa Moralmente, questa \u00e8 la cosa giusta da fare, ha detto\u201d Orban.<\/p>\n<p>\u201cLa cultura musulmana \u00e8 molto forte, non ci opponiamo ma non abbiamo avuto quelle societ\u00e0 parallele che non sono integrate nei valori europei, ha aggiunto\u201d.<\/p>\n<p><em>Foto: MTI<\/em><\/p>\n","protected":false},"excerpt":{"rendered":"<p>Budapest, 3 settembre (MTI) 3 In un&#8217;intervista al Wall Street Journal pubblicata mercoled\u00ec, il primo ministro Viktor Orban ha affermato che l&#8217;afflusso di migranti potrebbe minare l&#8217;Unione Europea se il blocco non adotta misure severe per contenere la crisi. \u201cSenza una soluzione internazionale in Siria, non c&#8217;\u00e8 alcuna possibilit\u00e0 di fermare l&#8217;alluvione Il mondo, il [&hellip;]<\/p>\n","protected":false},"author":2,"featured_media":729528,"comment_status":"open","ping_status":"open","sticky":false,"template":"","format":"standard","meta":{"_display_image":"","footnotes":""},"categories":[1185],"tags":[1330,1291,1111,1083],"class_list":["post-729527","post","type-post","status-publish","format-standard","has-post-thumbnail","hentry","category-politica-in-ungheria","tag-media","tag-migrazione","tag-stati-uniti","tag-viktor-orban"],"blocksy_meta":[],"author_username":"alk","telegram_post":"","public_post_metadata":{"breaking_news":"","important":"","csempe":"","center_tile":"","disable_thumbnail":"","target_lang":"","_featured_image_style":"","telegram_post":"","_xlat_group_id":""},"public_rank_math_data":{"title":"%titolo% %sep% %nomesito%","description":"","focus_keyword":"","canonical_url":"","robots":"","primary_category":"1185","breadcrumb_title":"","facebook_title":"","facebook_description":"","facebook_image":"","facebook_image_id":"","twitter_title":"","twitter_description":"","twitter_image":"","twitter_image_id":"","twitter_card_type":"","twitter_use_facebook":"","advanced_robots":"","pillar_content":"","seo_score":"","contentai_score":"","rich_snippet":""},"_links":{"self":[{"href":"https:\/\/dailynewshungary.com\/it\/wp-json\/wp\/v2\/posts\/729527","targetHints":{"allow":["GET"]}}],"collection":[{"href":"https:\/\/dailynewshungary.com\/it\/wp-json\/wp\/v2\/posts"}],"about":[{"href":"https:\/\/dailynewshungary.com\/it\/wp-json\/wp\/v2\/types\/post"}],"author":[{"embeddable":true,"href":"https:\/\/dailynewshungary.com\/it\/wp-json\/wp\/v2\/users\/2"}],"replies":[{"embeddable":true,"href":"https:\/\/dailynewshungary.com\/it\/wp-json\/wp\/v2\/comments?post=729527"}],"version-history":[{"count":0,"href":"https:\/\/dailynewshungary.com\/it\/wp-json\/wp\/v2\/posts\/729527\/revisions"}],"wp:featuredmedia":[{"embeddable":true,"href":"https:\/\/dailynewshungary.com\/it\/wp-json\/wp\/v2\/media\/729528"}],"wp:attachment":[{"href":"https:\/\/dailynewshungary.com\/it\/wp-json\/wp\/v2\/media?parent=729527"}],"wp:term":[{"taxonomy":"category","embeddable":true,"href":"https:\/\/dailynewshungary.com\/it\/wp-json\/wp\/v2\/categories?post=729527"},{"taxonomy":"post_tag","embeddable":true,"href":"https:\/\/dailynewshungary.com\/it\/wp-json\/wp\/v2\/tags?post=729527"}],"curies":[{"name":"wp","href":"https:\/\/api.w.org\/{rel}","templated":true}]}}