{"id":729537,"date":"2015-09-30T12:00:53","date_gmt":"2015-09-30T10:00:53","guid":{"rendered":"https:\/\/dailynewshungary.com\/it\/il-centro-storico-della-citta-di-eger-e-stato-ristrutturato\/"},"modified":"2015-09-30T12:00:53","modified_gmt":"2015-09-30T10:00:53","slug":"il-centro-storico-della-citta-di-eger-e-stato-ristrutturato","status":"publish","type":"post","link":"https:\/\/dailynewshungary.com\/it\/il-centro-storico-della-citta-di-eger-e-stato-ristrutturato\/","title":{"rendered":"Il centro storico della citt\u00e0 di Eger \u00e8 stato ristrutturato"},"content":{"rendered":"<p><strong>Karpatalja.ma scrive che il centro della citt\u00e0 \u00e8 stato ristrutturato con il finanziamento dell&#8217;Unione Europea del valore di 4 fiorini da biliardo L&#8217;intero investimento \u00e8 costato pi\u00f9 di 5 fiorini da biliardo Luned\u00ec si \u00e8 tenuta la cerimonia di chiusura del programma di riabilitazione.<\/strong><\/p>\n<p>\u201cLa ristrutturazione \u00e8 un buon esempio del lavoro costruttivo del governo&#8221;, ha affermato Bal\u00e1zs R\u00e1kossy, ministro di Stato per l&#8217;utilizzo dei finanziamenti dell&#8217;UE. Ha ricordato che Eger \u00e8 uno dei luoghi pi\u00f9 visitati dell&#8217;Ungheria. La regione sta diventando ancora pi\u00f9 attraente, le possibilit\u00e0 si stanno ampliando ed \u00e8 stata giustamente premiata con il premio: Luogo turistico dell&#8217;anno nel 2015.<\/p>\n<p>Ha aggiunto che Eger \u00e8 predestinata al turismo culturale con il suo centro barocco della citt\u00e0, l&#8217;opera di G\u00e9za G\u00e1rdonyi, la cura della Chiesa cattolica e monumenti dell&#8217;era turca.<\/p>\n<p>Le statistiche mostrano che la circolazione dei turisti \u00e8 aumentata del 30% dal 2010, che \u00e8 molto pi\u00f9 della par. nazionale Il numero di notti trascorse a Eger dagli stranieri \u00e8 aumentato del 50% tra il 2010 e il 2014, mentre il numero di notti trascorse dagli ungheresi mostra un aumento del 22%. Gli investimenti con finanziamenti dell\u2019UE hanno contribuito all\u2019ascesa della citt\u00e0.<\/p>\n<p>Il Ministro ha sottolineato lo sviluppo del castello, la realizzazione di un centro culturale e turistico nel Palazzo Arcivescovile e la creazione di una pista ciclabile attraverso la citt\u00e0 fino ai Monti B\u00fckk.<\/p>\n<p>Secondo le informazioni dell&#8217;Ufficio del Sindaco di Eger, anche la piazza Dob\u00f3 e il tempio Minim sono stati ristrutturati, \u00e8 stato costruito un garage e i turisti possono ora visitare nuovamente le rovine del bagno di Valide Sultana.<\/p>\n<p>E infine, la facciata di molti edifici \u00e8 stata ristrutturata insieme a strade, ponti e luoghi pubblici durante il programma di riabilitazione.<\/p>\n<p><em>in base all&#8217;articolo del <a href=\"http:\/\/www.karpatalja.ma\/kitekinto\/magyarorszag\/felujitottak-az-egri-tortenelmi-belvarost\/\" target=\"_blank\" rel=\"noopener\">karpatalja.ma<\/a><\/em><br \/>\n<em>tradotto da Alexandra B\u00e9ni<\/em><\/p>\n<p><em>Foto: MTI<\/em><\/p>\n","protected":false},"excerpt":{"rendered":"<p>Karpatalja.ma scrive che il centro della citt\u00e0 \u00e8 stato ristrutturato con il finanziamento dell&#8217;Unione Europea del valore di 4 fiorini da biliardo L&#8217;intero investimento \u00e8 costato pi\u00f9 di 5 fiorini da biliardo Luned\u00ec si \u00e8 tenuta la cerimonia di chiusura del programma di riabilitazione. \u201cLa ristrutturazione \u00e8 un buon esempio del lavoro costruttivo del governo&#8221;, [&hellip;]<\/p>\n","protected":false},"author":2,"featured_media":729538,"comment_status":"open","ping_status":"open","sticky":false,"template":"","format":"standard","meta":{"_display_image":"","footnotes":""},"categories":[1304],"tags":[1223,1072],"class_list":["post-729537","post","type-post","status-publish","format-standard","has-post-thumbnail","hentry","category-cultura-in-ungheria","tag-storia","tag-turismo"],"blocksy_meta":[],"author_username":"alk","telegram_post":"","public_post_metadata":{"breaking_news":"","important":"","csempe":"","center_tile":"","disable_thumbnail":"","target_lang":"","_featured_image_style":"","telegram_post":"","_xlat_group_id":""},"public_rank_math_data":{"title":"%titolo% %sep% %nomesito%","description":"","focus_keyword":"","canonical_url":"","robots":"","primary_category":"1304","breadcrumb_title":"","facebook_title":"","facebook_description":"","facebook_image":"","facebook_image_id":"","twitter_title":"","twitter_description":"","twitter_image":"","twitter_image_id":"","twitter_card_type":"","twitter_use_facebook":"","advanced_robots":"","pillar_content":"","seo_score":"","contentai_score":"","rich_snippet":""},"_links":{"self":[{"href":"https:\/\/dailynewshungary.com\/it\/wp-json\/wp\/v2\/posts\/729537","targetHints":{"allow":["GET"]}}],"collection":[{"href":"https:\/\/dailynewshungary.com\/it\/wp-json\/wp\/v2\/posts"}],"about":[{"href":"https:\/\/dailynewshungary.com\/it\/wp-json\/wp\/v2\/types\/post"}],"author":[{"embeddable":true,"href":"https:\/\/dailynewshungary.com\/it\/wp-json\/wp\/v2\/users\/2"}],"replies":[{"embeddable":true,"href":"https:\/\/dailynewshungary.com\/it\/wp-json\/wp\/v2\/comments?post=729537"}],"version-history":[{"count":0,"href":"https:\/\/dailynewshungary.com\/it\/wp-json\/wp\/v2\/posts\/729537\/revisions"}],"wp:featuredmedia":[{"embeddable":true,"href":"https:\/\/dailynewshungary.com\/it\/wp-json\/wp\/v2\/media\/729538"}],"wp:attachment":[{"href":"https:\/\/dailynewshungary.com\/it\/wp-json\/wp\/v2\/media?parent=729537"}],"wp:term":[{"taxonomy":"category","embeddable":true,"href":"https:\/\/dailynewshungary.com\/it\/wp-json\/wp\/v2\/categories?post=729537"},{"taxonomy":"post_tag","embeddable":true,"href":"https:\/\/dailynewshungary.com\/it\/wp-json\/wp\/v2\/tags?post=729537"}],"curies":[{"name":"wp","href":"https:\/\/api.w.org\/{rel}","templated":true}]}}