{"id":729592,"date":"2015-09-28T20:29:03","date_gmt":"2015-09-28T18:29:03","guid":{"rendered":"https:\/\/dailynewshungary.com\/it\/lungheria-rispetta-tutte-le-norme-internazionali-afferma-trocsanyi-dopo-aver-incontrato-jagland\/"},"modified":"2015-09-28T20:29:03","modified_gmt":"2015-09-28T18:29:03","slug":"lungheria-rispetta-tutte-le-norme-internazionali-afferma-trocsanyi-dopo-aver-incontrato-jagland","status":"publish","type":"post","link":"https:\/\/dailynewshungary.com\/it\/lungheria-rispetta-tutte-le-norme-internazionali-afferma-trocsanyi-dopo-aver-incontrato-jagland\/","title":{"rendered":"L\u2019Ungheria rispetta tutte le norme internazionali, afferma Trocsanyi dopo aver incontrato Jagland"},"content":{"rendered":"<p><strong>Strasburgo, 8 settembre (MTI) 2 L&#8217;Ungheria rispetta e continuer\u00e0 a rispettare tutte le norme internazionali, ha detto luned\u00ec il ministro della Giustizia Laszlo Trocsanyi dopo i colloqui con il segretario generale del Consiglio d&#8217;Europa (CoE) Thorbjorn Jagland.<\/strong><\/p>\n<p>Trocsanyi ha visitato Strasburgo per presentare a Jagland le leggi ungheresi recentemente introdotte e la loro attuazione in relazione alla crisi migratoria. Jagland aveva precedentemente contattato il primo ministro Viktor Orban e aveva chiesto il suo consenso a una revisione del Consiglio d&#8217;Europa delle norme legali ungheresi introdotte il 15 settembre.<\/p>\n<p>L&#8217;Ungheria rimarr\u00e0 aperta alle consultazioni con le organizzazioni internazionali, ha detto Trocsanyi in una conferenza stampa.<\/p>\n<p>Ha detto che circa un quarto di milione di migranti sono passati attraverso l&#8217;Ungheria quest&#8217;anno e 170.000 hanno presentato domanda di asilo L&#8217;Ungheria considera prioritario agire in linea con le regole di Schengen, che \u00e8 anche un&#8217;aspettativa dei governi europei Anche l&#8217;accordo di Dublino sulle procedure per i migranti deve essere pienamente attuato, nel rispetto dei diritti umani e delle normative sui rifugiati, ha aggiunto.<\/p>\n<p>Trocsanyi ha detto di aver discusso con Jagland le nuove leggi ungheresi e descritto il modo in cui vengono applicate Ha parlato dell&#8217;esperienza connessa con i confini sigillati e le zone di transito dell&#8217;Ungheria, la situazione lungo il confine con la Croazia e le sanzioni penali che possono essere imposte ai violatori di frontiera.<\/p>\n<p>Il ministro ha sottolineato l&#8217;importanza delle organizzazioni internazionali e civili nella risoluzione dell&#8217;attuale crisi.<\/p>\n<p>\u201cSono convinto che la solidariet\u00e0 europea sia l&#8217;unico modo per trovare una soluzione a tutti, ha aggiunto\u201d. In risposta ad una domanda il ministro ha affermato che la recinzione al confine ungherese-serbo ha dato risultati positivi e la sigillatura del confine si \u00e8 rivelata un metodo efficace per risolvere i problemi mentre i rapporti con Belgrado sono rimasti eccellenti.<\/p>\n<blockquote>\n<p>\u201cA nessuno piace una recinzione Questo \u00e8 ovvio Ma la pace e l&#8217;ordine dovrebbero essere mantenuti in qualche modo,\u201d ha aggiunto.<\/p>\n<\/blockquote>\n<p>Jagland ha detto che i recenti avvenimenti al confine ungherese-serbo hanno sollevato preoccupazione ed \u00e8 per questo che ha contattato il primo ministro ungherese.<\/p>\n<p>Il segretario generale ha espresso preoccupazione per ci\u00f2 che accade nelle zone di transito dove la Convenzione europea dei diritti dell&#8217;uomo \u00e8 ancora valida, cos\u00ec come al di fuori delle zone.<\/p>\n<p>\u201cLa convenzione protegge ogni centimetro quadrato del territorio europeo e le persone che vi soggiornano, ha detto.<\/p>\n<p>Jagland ha anche espresso preoccupazione per le misure applicate contro i valichi di frontiera illegali Ogni stato ha il diritto di proteggere i propri confini e nessuno ha il diritto di attraversare il confine illegalmente ma la Convenzione sui diritti umani garantisce il diritto dei violatori di frontiera a procedure eque Ha detto di essere stato informato di processi e procedure accelerate svolte in container in Ungheria.<\/p>\n<p>Il Segretario generale ha inoltre espresso preoccupazione per le misure coercitive applicate e applicabili dalle forze di polizia e dalle forze armate.<\/p>\n<p>Alla domanda se fosse soddisfatto delle informazioni presentate da Trocsanyi, Jagland ha affermato che la questione \u00e8 complessa e che le leggi ungheresi devono essere ulteriormente analizzate poich\u00e9 finora l&#8217;unica informazione disponibile \u00e8 quella pubblicata dai media.<\/p>\n<p>Trocsanyi ha detto al telefono a MTI di aver discusso le questioni migratorie anche con il suo omologo belga. N\u00e9 il ministro belga, n\u00e9 Jagland hanno espresso critiche. Avevano diverse domande che rivelavano che le informazioni acquisite dalla stampa sull&#8217;Ungheria non erano precise. Trocsanyi ha detto di aver fornito loro informazioni dettagliate sulle leggi entrate in vigore a settembre e ha promesso di inviare loro le traduzioni ufficiali.<\/p>\n<p>\u201cTutti si sono resi conto che l&#8217;Ungheria si trova in una situazione estremamente difficile, ha detto\u201d Trocsanyi. Il ministro ha detto che la sua visita a Strasburgo ha contribuito a rendere realistica l&#8217;immagine dell&#8217;Ungheria. I media internazionali hanno creato un&#8217;immagine che \u00e8 in realt\u00e0 lontana dalla verit\u00e0\u201d, ha detto.<\/p>\n<p>La risposta dell&#8217;Ungheria alla crisi migratoria \u00e8 stata quella di proteggere i suoi confini, registrare i migranti e agire in linea con le normative, a differenza di altri paesi che hanno chiuso gli occhi e sospeso alcune norme legali\u201d, ha affermato.<\/p>\n<p><em>Foto: MTI<\/em><\/p>\n","protected":false},"excerpt":{"rendered":"<p>Strasburgo, 8 settembre (MTI) 2 L&#8217;Ungheria rispetta e continuer\u00e0 a rispettare tutte le norme internazionali, ha detto luned\u00ec il ministro della Giustizia Laszlo Trocsanyi dopo i colloqui con il segretario generale del Consiglio d&#8217;Europa (CoE) Thorbjorn Jagland. Trocsanyi ha visitato Strasburgo per presentare a Jagland le leggi ungheresi recentemente introdotte e la loro attuazione in [&hellip;]<\/p>\n","protected":false},"author":2,"featured_media":729593,"comment_status":"open","ping_status":"open","sticky":false,"template":"","format":"standard","meta":{"_display_image":"","footnotes":""},"categories":[1185],"tags":[1291,1075],"class_list":["post-729592","post","type-post","status-publish","format-standard","has-post-thumbnail","hentry","category-politica-in-ungheria","tag-migrazione","tag-unione-europea"],"blocksy_meta":[],"author_username":"alk","telegram_post":"","public_post_metadata":{"breaking_news":"","important":"","csempe":"","center_tile":"","disable_thumbnail":"","target_lang":"","_featured_image_style":"","telegram_post":"","_xlat_group_id":""},"public_rank_math_data":{"title":"%titolo% %sep% %nomesito%","description":"","focus_keyword":"","canonical_url":"","robots":"","primary_category":"1185","breadcrumb_title":"","facebook_title":"","facebook_description":"","facebook_image":"","facebook_image_id":"","twitter_title":"","twitter_description":"","twitter_image":"","twitter_image_id":"","twitter_card_type":"","twitter_use_facebook":"","advanced_robots":"","pillar_content":"","seo_score":"","contentai_score":"","rich_snippet":""},"_links":{"self":[{"href":"https:\/\/dailynewshungary.com\/it\/wp-json\/wp\/v2\/posts\/729592","targetHints":{"allow":["GET"]}}],"collection":[{"href":"https:\/\/dailynewshungary.com\/it\/wp-json\/wp\/v2\/posts"}],"about":[{"href":"https:\/\/dailynewshungary.com\/it\/wp-json\/wp\/v2\/types\/post"}],"author":[{"embeddable":true,"href":"https:\/\/dailynewshungary.com\/it\/wp-json\/wp\/v2\/users\/2"}],"replies":[{"embeddable":true,"href":"https:\/\/dailynewshungary.com\/it\/wp-json\/wp\/v2\/comments?post=729592"}],"version-history":[{"count":0,"href":"https:\/\/dailynewshungary.com\/it\/wp-json\/wp\/v2\/posts\/729592\/revisions"}],"wp:featuredmedia":[{"embeddable":true,"href":"https:\/\/dailynewshungary.com\/it\/wp-json\/wp\/v2\/media\/729593"}],"wp:attachment":[{"href":"https:\/\/dailynewshungary.com\/it\/wp-json\/wp\/v2\/media?parent=729592"}],"wp:term":[{"taxonomy":"category","embeddable":true,"href":"https:\/\/dailynewshungary.com\/it\/wp-json\/wp\/v2\/categories?post=729592"},{"taxonomy":"post_tag","embeddable":true,"href":"https:\/\/dailynewshungary.com\/it\/wp-json\/wp\/v2\/tags?post=729592"}],"curies":[{"name":"wp","href":"https:\/\/api.w.org\/{rel}","templated":true}]}}