{"id":729668,"date":"2015-09-26T09:00:13","date_gmt":"2015-09-26T07:00:13","guid":{"rendered":"https:\/\/dailynewshungary.com\/it\/lettere-dei-lettori-ragioni-storiche-dietro-la-reazione-dellungheria-ai-rifugiati-siriani\/"},"modified":"2015-09-26T09:00:13","modified_gmt":"2015-09-26T07:00:13","slug":"lettere-dei-lettori-ragioni-storiche-dietro-la-reazione-dellungheria-ai-rifugiati-siriani","status":"publish","type":"post","link":"https:\/\/dailynewshungary.com\/it\/lettere-dei-lettori-ragioni-storiche-dietro-la-reazione-dellungheria-ai-rifugiati-siriani\/","title":{"rendered":"Lettere dei lettori: ragioni storiche dietro la reazione dell\u2019Ungheria ai rifugiati siriani"},"content":{"rendered":"<p><strong>\u201cNon dobbiamo dimenticare che le persone che vengono qui sono cresciute in una religione diversa e rappresentano una cultura completamente diversa. La maggior parte dei musulmani non sono cristiani, ma\u201d. Cos\u00ec il primo ministro ungherese, Victor Orban, ha descritto il flusso di rifugiati siriani verso l&#8217;Europa. Ha affermato che l&#8217;Europa e la cultura europea hanno radici cristiane. \u201cPenso che abbiamo il diritto di decidere che non vogliamo un gran numero di musulmani nel nostro paese,\u201d ha aggiunto \u201cNon ci piacciono le conseguenze di avere un gran numero di comunit\u00e0 musulmane che vediamo in altri paesi. <\/strong><\/p>\n<p>Orban attribuiva il suo pensiero al sapere come vivere insieme alle comunit\u00e0 musulmane, riferendosi all&#8217;Impero Ottomano che un tempo occup\u00f2 l&#8217;Ungheria per circa 150 anni.<\/p>\n<p>Orban ha tenuto questo discorso annunciando tre anni di carcere in attesa di coloro che osano scavalcare il nuovo recinto metallico costruito lungo i confini di Ungheria e Serbia.<\/p>\n<p>La portavoce della polizia ungherese, Viktoria Csiszer-Kovacs, ha messo fuori legge gli ungheresi che tentano di aiutare i rifugiati ad attraversare il confine.<\/p>\n<p>Nonostante le osservazioni di Orban, le ONG ungheresi, come Migr\u00e1ns Szolidarit\u00e1s Csoport (Gruppo di solidariet\u00e0 con i migranti) e Migration Aid, hanno difeso il diritto all&#8217;asilo e hanno aiutato i rifugiati a ratificare la reputazione dell&#8217;Ungheria come paese razzista.<\/p>\n<p>La reazione di Orban verso la crisi dei rifugiati sembrava essere priva di fondamento I musulmani in Ungheria rappresentano al momento meno dell&#8217;uno per cento della popolazione totale Inoltre, per i rifugiati siriani l&#8217;Ungheria non \u00e8 che un transito perch\u00e9 non hanno intenzione di stabilirsi l\u00ec Tuttavia, Orabn ha sottolineato quella che ha chiamato \u201cesperienza storica\u201d, il che indica che la sua opinione affonda le sue radici nella storia.<\/p>\n<p>Nel 1521 e nel 1541, gli ottomani invasero l&#8217;Ungheria Il Regno d&#8217;Ungheria fu quindi diviso L&#8217;ovest e il nord erano governati da ungheresi e denominati Ungheria reale, D&#8217;altra parte, la parte centrale e meridionale erano governate dagli ottomani La parte orientale era governata da sola da un altro re ungherese che chiam\u00f2 il suo regime, il Regno ungherese orientale.<\/p>\n<p>Quasi tre milioni di ungheresi furono presi come schiavi I nobili dovettero emigrare nell&#8217;Ungheria reale Le campagne divennero quasi disabitate Circa 80.000 coloni musulmani si trasferirono in Ungheria e invitarono persino pi\u00f9 persone per tutto il XVI secolo Questi coloni presero il controllo del paese e divennero amministratori, soldati, artigiani e mercanti Verso la fine dell&#8217;occupazione, il numero di ungheresi etnici fu notevolmente ridotto, a causa di massacri e deportazioni.<\/p>\n<p>Gli ottomani furono descritti come tolleranti nei confronti della religione laddove non proibivano il cristianesimo. Le scuole teologiche secondarie e accademiche &#8211; chiamate medresi &#8211; sostituirono la chiesa, insegnando diritto ecclesiastico e scienze naturali, non solo la religione islamica.<\/p>\n<p>Tuttavia, alcuni storici non sono d&#8217;accordo Sir Thomas Walker Arnold, uno storico britannico dell&#8217;arte islamica, autore del 17\u00b0 centauro, ha detto: \u201cNel frattempo lui [il turco] vince [converte] con l&#8217;artigianato pi\u00f9 che con la forza, e strappa Cristo con la frode dal cuore degli uomini. Per il turco \u00e8 vero che al momento non costringe nessun paese con la violenza ad apostatare; ma usa altri mezzi con cui impercettibilmente affonda il cristianesimo.\u201d<\/p>\n<p>In termini di economia, la maggioranza della classe nobiliare si trasfer\u00ec a Royal Hungry quando perse le proprie terre a favore dei sovrani ottomani, che applicarono tasse elevate, anche se alcuni settori economici si svilupparono sotto l&#8217;occupazione ottomana, la regione ha sofferto economicamente, poich\u00e9 quasi tutte le entrate erano controllate dall&#8217;Impero ottomano.<\/p>\n<p>Quando gli Asburgo conquistarono le parti ottomane dell&#8217;Ungheria per liberarle, gli ungheresi vollero vendicarsi Andarono in strada e distrussero la maggior parte delle opere ottomane e si impadronirono di ci\u00f2 che era rimasto La moschea di Pasha Qasim nella citt\u00e0 ungherese di P\u00e9cs \u00e8 ora utilizzata come chiesa cattolica.<\/p>\n<p>I pochi bagni turchi di vapore sopravvissuti sono ancora operativi fino ad ora Almeno 75 hammam, come i bagni Rudas nell&#8217;odierna capitale ungherese, Budapest, sono considerati notevoli attrazioni turistiche.<\/p>\n<p>Quando Orban attribu\u00ec le sue dichiarazioni alla religione, probabilmente intendeva dire che \u00e8 desideroso di difendere l&#8217;identit\u00e0 europea ungherese che discende dal cristianesimo, non di difendere il cristianesimo stesso.<br \/>\nLa logica di Orban non dovrebbe essere attaccata dagli arabi \u00c8 comune per molti di loro ricorrere al discorso religioso islamico, al fine di manipolare le persone, non per il gusto di preservare la nostra identit\u00e0 (O.N.D.T.) ma per imporre i loro interessi nascosti<\/p>\n<p>Le dichiarazioni di Orban hanno rivelato la sua paura di un&#8217;altra invasione musulmana, ma qui non \u00e8 cos\u00ec, Sebbene la maggioranza dei siriani (arabi) e dei turchi siano musulmani, sono etnie totalmente diverse.<\/p>\n<p>Dal punto di vista ungherese, l&#8217;Ungheria ha una cultura limitata, eppure prosperano per diffonderla pacificamente invitando persone dalle parti ungheresi situate in Serbia, Romani e Ucraina, oltre a invitare cittadini provenienti da Turchia, Palestina, Egitto e Siria Questo piccolo paese non \u00e8 pronto per un&#8217;altra invasione culturale.<\/p>\n<p>Dobbiamo tenere presente che l&#8217;Ungheria \u00e8 in qualche modo un paese isolato. A malapena viene coinvolto nelle questioni internazionali. L&#8217;ambasciatore ungherese in Egitto, Peter Kveck, ha commentato il nuovo governo egiziano dicendo che il primo ministro Vicktor Orb\u00e1n ha detto che l&#8217;Ungheria non terr\u00e0 conferenze a nessuno, perch\u00e9 ogni paese ha le proprie tradizioni. Ha aggiunto che quello che \u00e8 stato considerato un modello di successo in Europa e Ungheria non deve avere successo in Egitto o in altri paesi.<\/p>\n<p>Sembra che questo piccolo paese, l&#8217;Ungheria, non fosse preparato al flusso dei profughi siriani, la sua piccola economia non \u00e8 abbastanza forte da assorbire questo enorme numero di rifugiati.<br \/>\nL&#8217;Ungheria \u00e8 stata incolpata a livello internazionale, ed \u00e8 stata definita razzista, se lo \u00e8 stata, perch\u00e9 ha aperto la porta una volta prima ai rifugiati bosniaci musulmani!<\/p>\n<p>Altri paesi europei sostengono fortemente i rifugiati siriani come l&#8217;Austria La manifestazione tenutasi a Vienna il 31 agosto in solidariet\u00e0 con i rifugiati contro i maltrattamenti ricevuti in Ungheria, \u00e8 stata una grande prova del sostegno dell&#8217;austriaco.<\/p>\n<p>Ma la domanda ora \u00e8: se l&#8217;assedio di Vienna da parte di Suleyman nel 1529 fosse stato un successo; l\u2019Austria tratterebbe i rifugiati allo stesso modo?<\/p>\n<p>Gli arabi dovrebbero smettere di giudicare le persone e le nazioni Se qualcuno deve essere incolpato, giudicato o punito, dovrebbe piuttosto essere la persona dietro tutte queste conseguenze, il presidente siriano Bashar al-Assad.<\/p>\n<p>Nel 2008, sotto la presidenza di Hosni Mubarak, il governo ha deciso di chiudere i confini con la Palestina quando venivano uccisi dai bombardamenti israeliani. Alcuni egiziani erano favorevoli a questa decisione. Una volta dissero che i palestinesi rovineranno l\u2019identit\u00e0 egiziana. Quelli, soprattutto, non dovrebbero incolpare Orban per la sua posizione rispetto all\u2019attuale crisi.<\/p>\n<p><em>Di Maydaa Abo El-Nadar<\/em><\/p>\n<p><em>Foto di Balazs Beli<\/em><\/p>\n","protected":false},"excerpt":{"rendered":"<p>\u201cNon dobbiamo dimenticare che le persone che vengono qui sono cresciute in una religione diversa e rappresentano una cultura completamente diversa. La maggior parte dei musulmani non sono cristiani, ma\u201d. Cos\u00ec il primo ministro ungherese, Victor Orban, ha descritto il flusso di rifugiati siriani verso l&#8217;Europa. Ha affermato che l&#8217;Europa e la cultura europea hanno [&hellip;]<\/p>\n","protected":false},"author":2,"featured_media":729669,"comment_status":"open","ping_status":"open","sticky":false,"template":"","format":"standard","meta":{"_display_image":"","footnotes":""},"categories":[1207],"tags":[1291,1223],"class_list":["post-729668","post","type-post","status-publish","format-standard","has-post-thumbnail","hentry","category-societa-in-ungheria","tag-migrazione","tag-storia"],"blocksy_meta":[],"author_username":"alk","telegram_post":"","public_post_metadata":{"breaking_news":"","important":"","csempe":"","center_tile":"","disable_thumbnail":"","target_lang":"","_featured_image_style":"","telegram_post":"","_xlat_group_id":""},"public_rank_math_data":{"title":"%titolo% %sep% %nomesito%","description":"","focus_keyword":"","canonical_url":"","robots":"","primary_category":"1207","breadcrumb_title":"","facebook_title":"","facebook_description":"","facebook_image":"","facebook_image_id":"","twitter_title":"","twitter_description":"","twitter_image":"","twitter_image_id":"","twitter_card_type":"","twitter_use_facebook":"","advanced_robots":"","pillar_content":"","seo_score":"","contentai_score":"","rich_snippet":""},"_links":{"self":[{"href":"https:\/\/dailynewshungary.com\/it\/wp-json\/wp\/v2\/posts\/729668","targetHints":{"allow":["GET"]}}],"collection":[{"href":"https:\/\/dailynewshungary.com\/it\/wp-json\/wp\/v2\/posts"}],"about":[{"href":"https:\/\/dailynewshungary.com\/it\/wp-json\/wp\/v2\/types\/post"}],"author":[{"embeddable":true,"href":"https:\/\/dailynewshungary.com\/it\/wp-json\/wp\/v2\/users\/2"}],"replies":[{"embeddable":true,"href":"https:\/\/dailynewshungary.com\/it\/wp-json\/wp\/v2\/comments?post=729668"}],"version-history":[{"count":0,"href":"https:\/\/dailynewshungary.com\/it\/wp-json\/wp\/v2\/posts\/729668\/revisions"}],"wp:featuredmedia":[{"embeddable":true,"href":"https:\/\/dailynewshungary.com\/it\/wp-json\/wp\/v2\/media\/729669"}],"wp:attachment":[{"href":"https:\/\/dailynewshungary.com\/it\/wp-json\/wp\/v2\/media?parent=729668"}],"wp:term":[{"taxonomy":"category","embeddable":true,"href":"https:\/\/dailynewshungary.com\/it\/wp-json\/wp\/v2\/categories?post=729668"},{"taxonomy":"post_tag","embeddable":true,"href":"https:\/\/dailynewshungary.com\/it\/wp-json\/wp\/v2\/tags?post=729668"}],"curies":[{"name":"wp","href":"https:\/\/api.w.org\/{rel}","templated":true}]}}