{"id":729670,"date":"2015-09-26T07:00:48","date_gmt":"2015-09-26T05:00:48","guid":{"rendered":"https:\/\/dailynewshungary.com\/it\/nuova-bottiglia-regionale-di-szekszard\/"},"modified":"2015-09-26T07:00:48","modified_gmt":"2015-09-26T05:00:48","slug":"nuova-bottiglia-regionale-di-szekszard","status":"publish","type":"post","link":"https:\/\/dailynewshungary.com\/it\/nuova-bottiglia-regionale-di-szekszard\/","title":{"rendered":"Nuova bottiglia regionale di Szeksz\u00e1rd"},"content":{"rendered":"<p><strong>I primi vini imbottigliati nelle nuove bottiglie regionali di Szeksz\u00e1rd sono diventati disponibili a settembre Recentemente \u00e8 stato introdotto un nuovo tipo di bottiglia che prende il nome dalla regione vinicola, che \u00e8 dedicato esclusivamente all&#8217;uso di Kadarka, vini rossi varietali di K\u00e9kfrankos e la tradizionale miscela rossa chiamata Bikav\u00e9r (che significa Sangue di Toro) prodotta in questa regione vinicola.<\/strong><\/p>\n<p>La regione vinicola di Szeksz\u00e1rd \u00e8 una delle 22 regioni vinicole registrate in Ungheria appartenenti a quelle meridionali del paese. Il suo clima \u00e8 caratterizzato da estati calde e secche. Il terreno di Loess prevale per gran parte della zona di produzione del vino, quindi le differenze nei vini derivano principalmente dall&#8217;esposizione e dall&#8217;altitudine di un dato terroir.<\/p>\n<p>Come risultato di un processo triennale, quasi 20 vini rossi delle annate 2012 e 2013 vengono imbottigliati nelle bottiglie regionali comuni di Szeksz\u00e1rd nel settembre 2015. Ad oggi, un team di viticoltori locali (guidati da J\u00e1nos Esz), presidente della Gilda dei Vignaioli di Szeksz\u00e1rd, ha lavorato insieme per selezionare la forma e l&#8217;aspetto della bottiglia che contrassegna la regione, oltre a scegliere una fabbrica di vetro ungherese in grado di produrla.<\/p>\n<p>Zolt\u00e1n Heimann, enologo locale, prendendo parte al processo, ha spiegato il progetto: \u201dA causa delle dotazioni naturali di questa regione, il nostro assortimento si basa sui vini rossi Allo stesso tempo, riteniamo estremamente importante creare il nostro stile in questo segmento e non essere un seguace o un imitatore di qualsiasi esistente a livello internazionale o nazionale Pertanto, abbiamo trovato il nostro punto di decollo in variet\u00e0 di uva locali e tipi di vino come Kadarka, K\u00e9kfrankos (lo stesso di Blaufr\u00e4nkisch) e Bikav\u00e9r Poich\u00e9 questi vini sono di eleganza, fruttato e piccantezza, era del tutto chiaro per noi che la scelta ideale per i nostri vini dovrebbe essere un tipo di bottiglia di Borgogna Cos\u00ec, una bottiglia pi\u00f9 lunga e pi\u00f9 stravagante \u00e8 stata scelta per la nuova bottiglia standard regionale Szeksz\u00e1rd, dove il logo della citt\u00e0 che fornisce il nome della regione vinicola con il testo \u201dSzekszrd pu\u00f2 essere letto in quattro direzioni della bottiglia di tratta.<\/p>\n<p>\u00c8 stato il \u201dFuxli\u201d che \u00e8 servito da esempio per la realizzazione di questo progetto Fuxli \u00e8 una specie di vino Schiller della regione essendo stato sviluppato da una coppia di viticoltori locali prima, poi mantenendo volontariamente le regole da loro stabilite, ha aperto la possibilit\u00e0 a qualsiasi azienda vinicola della regione di fare un vino Fuxli.<\/p>\n<p>Questa nuova bottiglia regionale Szeksz\u00e1rd pu\u00f2 essere utilizzata solo per l&#8217;imbottigliamento di tali vini Kadarka, K\u00e9kfrankos e Bikav\u00e9r, che sono stati approvati in precedenza da almeno due terzi del comitato di 12 viticoltori nella regione vinicola All&#8217;evento di degustazione alla cieca, \u00e8 un requisito elementare che dovrebbe essere impeccabile, dovrebbe rappresentare un vitigno o uno stile, anzi, dovrebbe riflettere anche il terroir.<\/p>\n<p>J\u00f3zsef Szab\u00f3, direttore commerciale della vetreria di Orosh\u00e1za che produce la bottiglia, ha sottolineato i vantaggi di avere una bottiglia regionale: Con questa immagine comune, Szeksz\u00e1rd va avanti non solo in Ungheria, ma anche nel mercato, poich\u00e9 rispetto all&#8217;imballaggio individuale di piccole aziende vincono in tutta la regione questo aspetto comune dei vini Szeksz\u00e1rd pu\u00f2 essere pi\u00f9 facilmente riconosciuto dai consumatori.\u201d<\/p>\n<p><em>10. Premere Rilasciare 10.5<\/em><\/p>\n","protected":false},"excerpt":{"rendered":"<p>I primi vini imbottigliati nelle nuove bottiglie regionali di Szeksz\u00e1rd sono diventati disponibili a settembre Recentemente \u00e8 stato introdotto un nuovo tipo di bottiglia che prende il nome dalla regione vinicola, che \u00e8 dedicato esclusivamente all&#8217;uso di Kadarka, vini rossi varietali di K\u00e9kfrankos e la tradizionale miscela rossa chiamata Bikav\u00e9r (che significa Sangue di Toro) [&hellip;]<\/p>\n","protected":false},"author":2,"featured_media":729671,"comment_status":"open","ping_status":"open","sticky":false,"template":"","format":"standard","meta":{"_display_image":"","footnotes":""},"categories":[1304],"tags":[1352],"class_list":["post-729670","post","type-post","status-publish","format-standard","has-post-thumbnail","hentry","category-cultura-in-ungheria","tag-vino"],"blocksy_meta":[],"author_username":"alk","telegram_post":"","public_post_metadata":{"breaking_news":"","important":"","csempe":"","center_tile":"","disable_thumbnail":"","target_lang":"","_featured_image_style":"","telegram_post":"","_xlat_group_id":""},"public_rank_math_data":{"title":"%titolo% %sep% %nomesito%","description":"","focus_keyword":"","canonical_url":"","robots":"","primary_category":"1304","breadcrumb_title":"","facebook_title":"","facebook_description":"","facebook_image":"","facebook_image_id":"","twitter_title":"","twitter_description":"","twitter_image":"","twitter_image_id":"","twitter_card_type":"","twitter_use_facebook":"","advanced_robots":"","pillar_content":"","seo_score":"","contentai_score":"","rich_snippet":""},"_links":{"self":[{"href":"https:\/\/dailynewshungary.com\/it\/wp-json\/wp\/v2\/posts\/729670","targetHints":{"allow":["GET"]}}],"collection":[{"href":"https:\/\/dailynewshungary.com\/it\/wp-json\/wp\/v2\/posts"}],"about":[{"href":"https:\/\/dailynewshungary.com\/it\/wp-json\/wp\/v2\/types\/post"}],"author":[{"embeddable":true,"href":"https:\/\/dailynewshungary.com\/it\/wp-json\/wp\/v2\/users\/2"}],"replies":[{"embeddable":true,"href":"https:\/\/dailynewshungary.com\/it\/wp-json\/wp\/v2\/comments?post=729670"}],"version-history":[{"count":0,"href":"https:\/\/dailynewshungary.com\/it\/wp-json\/wp\/v2\/posts\/729670\/revisions"}],"wp:featuredmedia":[{"embeddable":true,"href":"https:\/\/dailynewshungary.com\/it\/wp-json\/wp\/v2\/media\/729671"}],"wp:attachment":[{"href":"https:\/\/dailynewshungary.com\/it\/wp-json\/wp\/v2\/media?parent=729670"}],"wp:term":[{"taxonomy":"category","embeddable":true,"href":"https:\/\/dailynewshungary.com\/it\/wp-json\/wp\/v2\/categories?post=729670"},{"taxonomy":"post_tag","embeddable":true,"href":"https:\/\/dailynewshungary.com\/it\/wp-json\/wp\/v2\/tags?post=729670"}],"curies":[{"name":"wp","href":"https:\/\/api.w.org\/{rel}","templated":true}]}}