{"id":729688,"date":"2015-09-25T15:20:24","date_gmt":"2015-09-25T13:20:24","guid":{"rendered":"https:\/\/dailynewshungary.com\/it\/colloqui-di-orban-con-il-cancelliere-faymann-a-vienna-aggiornamento\/"},"modified":"2015-09-25T15:20:24","modified_gmt":"2015-09-25T13:20:24","slug":"colloqui-di-orban-con-il-cancelliere-faymann-a-vienna-aggiornamento","status":"publish","type":"post","link":"https:\/\/dailynewshungary.com\/it\/colloqui-di-orban-con-il-cancelliere-faymann-a-vienna-aggiornamento\/","title":{"rendered":"Colloqui di Orban con il Cancelliere Faymann a Vienna AGGIORNAMENTO"},"content":{"rendered":"<p><strong>Vienna, 5 settembre (MTI) 2 L&#8217;Austria ha \u201crinunciato\u201d la sua amicizia con l&#8217;Ungheria \u201cnel periodo pi\u00f9 difficile\u201d ma il governo ungherese \u00e8 disposto a trascurare questo aspetto, ha detto venerd\u00ec a Vienna il primo ministro Viktor Orban.<\/strong><\/p>\n<p>Orban \u00e8 intervenuto in una conferenza stampa presso l&#8217;ambasciata ungherese dopo i colloqui con il cancelliere Werner Faymann e il vicecancelliere Reinhold Mitterlehner sulla crisi migratoria in Europa.<\/p>\n<p>Orban ha detto che l&#8217;Ungheria \u00e8 disposta a perdonare l&#8217;Austria per averci chiamato Nazis\u201d, una mossa che secondo lui era una\u201cabsurd\u201d proveniente da un politico austriaco.<\/p>\n<p>Il primo ministro ha detto di aver suggerito ai suoi partner austriaci che i due paesi cercano di aiutarsi a vicenda, sostenendo che \u201cda ora, legalmente siamo nella stessa barca\u201d perch\u00e9 la situazione dei migranti al confine ungherese-croato \u00e8 esattamente la stessa di quella austriaca-ungherese.<\/p>\n<p><strong>Nessuna recinzione prevista al confine ungherese-sloveno&nbsp;<\/strong><\/p>\n<p>Ha detto che sono in corso lavori sul campo al confine per ripulire una striscia di terra al confine e renderla adatta all&#8217;impiego di attrezzature mobili.<\/p>\n<p>Poich\u00e9 la Slovenia fa parte dello spazio Schengen, non dovrebbe essere costruito nulla che non possa essere eliminato in un giorno, ha detto Orban.<\/p>\n<p><strong>Orban: Schengen \u201clost\u201d se la protezione delle frontiere fallisce<\/strong><\/p>\n<p>Orban ha detto che se l&#8217;Ungheria non riuscir\u00e0 a proteggere i suoi confini meridionali, Austria e Germania dovranno affrontare un afflusso giornaliero di 10.000 o fino a 250.000 migranti nei prossimi mesi, ha detto Orban in una conferenza stampa presso l&#8217;ambasciata ungherese dopo i colloqui con il cancelliere Werner Faymann e il vicecancelliere Reinhold Mitterlehner sulla crisi migratoria europea.<\/p>\n<p>Il primo ministro ha affermato che la recinzione dell&#8217;Ungheria al confine con la Croazia costituisce un dilemma politico di \u201c\u201d poich\u00e9 la Croazia \u00e8 membro dell&#8217;Unione Europea ma non della zona Schengen. Orban ha affermato che essere membro della zona Schengen non comporta solo vantaggi ma anche obblighi, che secondo lui l&#8217;Ungheria \u00e8 disposta a rispettare.<\/p>\n<p>Orban ha detto che \u201cit non si sente bene a costruire una recinzione,\u201d aggiungendo che la polizia ungherese mira a proteggere i confini del proprio paese nel modo pi\u00f9 umano possibile.<\/p>\n<p>Prima di chiudere il confine ungherese-croato \u201cgreen\u201d, Orban ha detto che cercher\u00e0 il sostegno degli stati membri del gruppo di Visegrad, e i membri del governo ungherese visiteranno la Croazia Alla domanda se il filo spinato lungo il confine sarebbe fortificato da una seconda recinzione, Orban ha detto: \u201cNon dobbiamo aspettare la costruzione della seconda linea per poter garantire la chiusura del confine verde.\u201d<\/p>\n<p>Ha detto che l&#8217;Austria ha riconosciuto che sul confine tra Ungheria e Croazia devono essere stabilite forme di revoca dei controlli alle frontiere europee, simili a quelle sul confine serbo.<\/p>\n<p>Orban ha detto che l&#8217;Ungheria originariamente aveva avuto due opzioni Il primo era che aprisse un corridoio di migranti verso l&#8217;Austria, come raccomandato dalla Croazia Ma questo \u00e8 stato respinto dall&#8217;Austria sulla base del fatto che contravviene alle leggi dell&#8217;UE e internazionali, ha detto Orban questo lascia l&#8217;Ungheria con l&#8217;unica opzione di istituire un sistema di pattugliamento tra Ungheria e Croazia, notando che, anche se con riluttanza, l&#8217;Austria ha accettato la proposta.<\/p>\n<p>Il governo ungherese non prevede di costruire una recinzione sul confine ungherese-sloveno, ha detto, aggiungendo che sono in corso lavori sul campo per eliminare una striscia di terra al confine e renderla adatta allo schieramento di attrezzature mobili. Poich\u00e9 la Slovenia fa parte dell&#8217;area Schengen, non dovrebbe essere costruito l\u00ec nulla che non possa essere eliminato in un giorno, ha detto.<\/p>\n<p>Orban ha detto che il motivo della sua visita in Austria \u00e8 che spiegare le azioni dell&#8217;Ungheria al mondo attraverso i media non \u00e8 stato sufficiente L&#8217;incombente offerta illimitata di migranti non \u00e8 ancora entrata nella mente dei leader europei, ha aggiunto.<\/p>\n<p>Il primo ministro ha detto che l&#8217;Austria ha \u201crinunciato\u201d la sua amicizia con l&#8217;Ungheria \u201cnel pi\u00f9 difficile dei tempi\u201d ma il governo ungherese \u00e8 disposto a trascurare questo L&#8217;Ungheria \u00e8 disposta a perdonare l&#8217;Austria per averci chiamato \u201cnazis\u201d, una mossa che secondo lui era \u201cabsur\u201d proveniente da un politico austriaco, ha aggiunto.<\/p>\n<p>Il primo ministro ha detto di aver suggerito ai suoi partner austriaci che i due paesi cercano di aiutarsi a vicenda, sostenendo che \u201cda ora, legalmente siamo nella stessa barca\u201d perch\u00e9 la situazione dei migranti al confine ungherese-croato \u00e8 esattamente la stessa di quella austriaca-ungherese.<\/p>\n<p>Orban ha detto al suo omologo che l&#8217;Ungheria vuole preservare legami tradizionalmente buoni con l&#8217;Austria I colloqui, ha aggiunto, sono stati costruttivi e in un clima di buone intenzioni E nonostante le divergenze di opinione, c&#8217;era il desiderio da parte di tutti di colmare queste. Le relazioni tra Stati Uniti e Ungheria sono in uno stato migliore rispetto a stamattina alle 8, ha detto.<\/p>\n<p>Rispondendo a una domanda, il primo ministro ha elogiato la Serbia, dicendo che la cooperazione con Belgrado era stata \u201cexemplary\u201d anche quando la crisi era al suo peggio Ha detto che la cooperazione tra i due paesi \u00e8 inciampata solo quando i migranti \u201c hanno attaccato l&#8217;Ungheria dal territorio della Serbia e le autorit\u00e0 serbe non hanno fatto nulla per fermarli\u201d Orban ha detto che a parte quell&#8217;unico errore Serbia \u201cha agito proprio come ci si aspetterebbe che un paese candidato all&#8217;UE sia in\u201d.<\/p>\n<p>Il primo ministro era originariamente previsto per incontrare Heinz-Christian Strache, leader del Partito della Libert\u00e0 d&#8217;Austria (FPO), ma l&#8217;incontro \u00e8 stato annullato Rispondendo a una domanda, Orban ha detto di essere a conoscenza delle preoccupazioni su FPO, ma ha pensato che alla luce dei risultati delle recenti elezioni locali nella provincia del Burgenland, e il fatto che FPO e i socialdemocratici hanno formato un governo di coalizione l\u00ec, egli potrebbe \u201c dialogare con il partito\u201d I leader austriaci, tuttavia, hanno chiesto a Orban di non incontrare il leader del partito, e il primo ministro ha obbligato, visto che aveva \u201cviaggiato in Austria per migliorare le relazioni\u201d.<\/p>\n<p><em>Foto: MTI<\/em><\/p>\n","protected":false},"excerpt":{"rendered":"<p>Vienna, 5 settembre (MTI) 2 L&#8217;Austria ha \u201crinunciato\u201d la sua amicizia con l&#8217;Ungheria \u201cnel periodo pi\u00f9 difficile\u201d ma il governo ungherese \u00e8 disposto a trascurare questo aspetto, ha detto venerd\u00ec a Vienna il primo ministro Viktor Orban. Orban \u00e8 intervenuto in una conferenza stampa presso l&#8217;ambasciata ungherese dopo i colloqui con il cancelliere Werner Faymann [&hellip;]<\/p>\n","protected":false},"author":2,"featured_media":729689,"comment_status":"open","ping_status":"open","sticky":false,"template":"","format":"standard","meta":{"_display_image":"","footnotes":""},"categories":[1185],"tags":[1137,1291,1083],"class_list":["post-729688","post","type-post","status-publish","format-standard","has-post-thumbnail","hentry","category-politica-in-ungheria","tag-austria","tag-migrazione","tag-viktor-orban"],"blocksy_meta":[],"author_username":"alk","telegram_post":"","public_post_metadata":{"breaking_news":"","important":"","csempe":"","center_tile":"","disable_thumbnail":"","target_lang":"","_featured_image_style":"","telegram_post":"","_xlat_group_id":""},"public_rank_math_data":{"title":"%titolo% %sep% %nomesito%","description":"","focus_keyword":"","canonical_url":"","robots":"","primary_category":"1185","breadcrumb_title":"","facebook_title":"","facebook_description":"","facebook_image":"","facebook_image_id":"","twitter_title":"","twitter_description":"","twitter_image":"","twitter_image_id":"","twitter_card_type":"","twitter_use_facebook":"","advanced_robots":"","pillar_content":"","seo_score":"","contentai_score":"","rich_snippet":""},"_links":{"self":[{"href":"https:\/\/dailynewshungary.com\/it\/wp-json\/wp\/v2\/posts\/729688","targetHints":{"allow":["GET"]}}],"collection":[{"href":"https:\/\/dailynewshungary.com\/it\/wp-json\/wp\/v2\/posts"}],"about":[{"href":"https:\/\/dailynewshungary.com\/it\/wp-json\/wp\/v2\/types\/post"}],"author":[{"embeddable":true,"href":"https:\/\/dailynewshungary.com\/it\/wp-json\/wp\/v2\/users\/2"}],"replies":[{"embeddable":true,"href":"https:\/\/dailynewshungary.com\/it\/wp-json\/wp\/v2\/comments?post=729688"}],"version-history":[{"count":0,"href":"https:\/\/dailynewshungary.com\/it\/wp-json\/wp\/v2\/posts\/729688\/revisions"}],"wp:featuredmedia":[{"embeddable":true,"href":"https:\/\/dailynewshungary.com\/it\/wp-json\/wp\/v2\/media\/729689"}],"wp:attachment":[{"href":"https:\/\/dailynewshungary.com\/it\/wp-json\/wp\/v2\/media?parent=729688"}],"wp:term":[{"taxonomy":"category","embeddable":true,"href":"https:\/\/dailynewshungary.com\/it\/wp-json\/wp\/v2\/categories?post=729688"},{"taxonomy":"post_tag","embeddable":true,"href":"https:\/\/dailynewshungary.com\/it\/wp-json\/wp\/v2\/tags?post=729688"}],"curies":[{"name":"wp","href":"https:\/\/api.w.org\/{rel}","templated":true}]}}