{"id":729696,"date":"2015-09-25T12:00:03","date_gmt":"2015-09-25T10:00:03","guid":{"rendered":"https:\/\/dailynewshungary.com\/it\/governo-lungheria-non-vuole-sigillare-i-confini-ma-proteggerli\/"},"modified":"2015-09-25T12:00:03","modified_gmt":"2015-09-25T10:00:03","slug":"governo-lungheria-non-vuole-sigillare-i-confini-ma-proteggerli","status":"publish","type":"post","link":"https:\/\/dailynewshungary.com\/it\/governo-lungheria-non-vuole-sigillare-i-confini-ma-proteggerli\/","title":{"rendered":"Governo: l\u2019Ungheria non vuole sigillare i confini ma proteggerli"},"content":{"rendered":"<p><strong>Budapest, 5 settembre (MTI) 2 L&#8217;Ungheria non vuole sigillare i suoi confini ma proteggerli, ha detto venerd\u00ec il portavoce del governo.<\/strong><\/p>\n<p>Zoltan Kovacs ha dichiarato alla radio pubblica Kossuth che non vale la pena che i politici dell&#8217;Unione europea dibattano tra loro sulle norme fondamentali dell&#8217;UE che affermano chiaramente che i confini devono essere protetti.<\/p>\n<p>La costruzione di una recinzione al confine ungherese-croato \u00e8 in fase di completamento e filo spinato \u00e8 stato posato a Tornyiszentmiklos al confine con la Slovenia, ha detto Kovacs.<\/p>\n<p>Il governo ungherese non considera la recinzione una soluzione per gestire la migrazione di massa ma \u00e8 un mezzo per fermare i migranti illegali L&#8217;accordo di Schengen consente agli stati dell&#8217;UE di utilizzare tutti i mezzi necessari per proteggere i confini, ha aggiunto.<\/p>\n<p>La riunione straordinaria dei capi di Stato e di governo dell&#8217;UE ha portato a importanti sviluppi ma non \u00e8 stato fatto alcun progresso sulla questione pi\u00f9 importante, che \u00e8 il rafforzamento della protezione delle frontiere della Grecia, ha detto \u00c8 importante, tuttavia, che il presidente del Consiglio europeo Donald Tusk abbia confermato che tutti devono rispettare le regole dell&#8217;UE, ha aggiunto Kovacs.<\/p>\n<p>Kovacs ha aggiunto che anche se la Croazia non \u00e8 membro di Schengen, \u00e8 uno Stato membro dell&#8217;UE e nonostante ci\u00f2 ha dichiarato apertamente che non rispetter\u00e0 le norme UE pertinenti.<\/p>\n<p><em>Foto: MTI<\/em><\/p>\n","protected":false},"excerpt":{"rendered":"<p>Budapest, 5 settembre (MTI) 2 L&#8217;Ungheria non vuole sigillare i suoi confini ma proteggerli, ha detto venerd\u00ec il portavoce del governo. Zoltan Kovacs ha dichiarato alla radio pubblica Kossuth che non vale la pena che i politici dell&#8217;Unione europea dibattano tra loro sulle norme fondamentali dell&#8217;UE che affermano chiaramente che i confini devono essere protetti. [&hellip;]<\/p>\n","protected":false},"author":2,"featured_media":729697,"comment_status":"open","ping_status":"open","sticky":false,"template":"","format":"standard","meta":{"_display_image":"","footnotes":""},"categories":[1185],"tags":[1291],"class_list":["post-729696","post","type-post","status-publish","format-standard","has-post-thumbnail","hentry","category-politica-in-ungheria","tag-migrazione"],"blocksy_meta":[],"author_username":"alk","telegram_post":"","public_post_metadata":{"breaking_news":"","important":"","csempe":"","center_tile":"","disable_thumbnail":"","target_lang":"","_featured_image_style":"","telegram_post":"","_xlat_group_id":""},"public_rank_math_data":{"title":"%titolo% %sep% %nomesito%","description":"","focus_keyword":"","canonical_url":"","robots":"","primary_category":"1185","breadcrumb_title":"","facebook_title":"","facebook_description":"","facebook_image":"","facebook_image_id":"","twitter_title":"","twitter_description":"","twitter_image":"","twitter_image_id":"","twitter_card_type":"","twitter_use_facebook":"","advanced_robots":"","pillar_content":"","seo_score":"","contentai_score":"","rich_snippet":""},"_links":{"self":[{"href":"https:\/\/dailynewshungary.com\/it\/wp-json\/wp\/v2\/posts\/729696","targetHints":{"allow":["GET"]}}],"collection":[{"href":"https:\/\/dailynewshungary.com\/it\/wp-json\/wp\/v2\/posts"}],"about":[{"href":"https:\/\/dailynewshungary.com\/it\/wp-json\/wp\/v2\/types\/post"}],"author":[{"embeddable":true,"href":"https:\/\/dailynewshungary.com\/it\/wp-json\/wp\/v2\/users\/2"}],"replies":[{"embeddable":true,"href":"https:\/\/dailynewshungary.com\/it\/wp-json\/wp\/v2\/comments?post=729696"}],"version-history":[{"count":0,"href":"https:\/\/dailynewshungary.com\/it\/wp-json\/wp\/v2\/posts\/729696\/revisions"}],"wp:featuredmedia":[{"embeddable":true,"href":"https:\/\/dailynewshungary.com\/it\/wp-json\/wp\/v2\/media\/729697"}],"wp:attachment":[{"href":"https:\/\/dailynewshungary.com\/it\/wp-json\/wp\/v2\/media?parent=729696"}],"wp:term":[{"taxonomy":"category","embeddable":true,"href":"https:\/\/dailynewshungary.com\/it\/wp-json\/wp\/v2\/categories?post=729696"},{"taxonomy":"post_tag","embeddable":true,"href":"https:\/\/dailynewshungary.com\/it\/wp-json\/wp\/v2\/tags?post=729696"}],"curies":[{"name":"wp","href":"https:\/\/api.w.org\/{rel}","templated":true}]}}