{"id":729742,"date":"2015-09-24T10:11:30","date_gmt":"2015-09-24T08:11:30","guid":{"rendered":"https:\/\/dailynewshungary.com\/it\/orban-lungheria-dovrebbe-prendere-in-considerazione-la-possibilita-di-lasciare-che-i-migranti-transitino-verso-leuropa-occidentale\/"},"modified":"2015-09-24T10:11:30","modified_gmt":"2015-09-24T08:11:30","slug":"orban-lungheria-dovrebbe-prendere-in-considerazione-la-possibilita-di-lasciare-che-i-migranti-transitino-verso-leuropa-occidentale","status":"publish","type":"post","link":"https:\/\/dailynewshungary.com\/it\/orban-lungheria-dovrebbe-prendere-in-considerazione-la-possibilita-di-lasciare-che-i-migranti-transitino-verso-leuropa-occidentale\/","title":{"rendered":"Orban: l\u2019Ungheria dovrebbe prendere in considerazione la possibilit\u00e0 di lasciare che i migranti transitino verso l\u2019Europa occidentale"},"content":{"rendered":"<p><strong>Bruxelles, 4 settembre (MTI) 2 L&#8217;Ungheria protegger\u00e0 la sua \u201cconfine\u201d verde con recinzioni oppure, \u201cse questa opzione non \u00e8 quella popular\u201d, potr\u00e0 far passare i migranti in direzione di Austria e Germania, ha detto il primo ministro ungherese Viktor Orban a Bruxelles nelle prime ore di gioved\u00ec, dopo aver partecipato a un vertice di emergenza sulla migrazione.<\/strong><\/p>\n<p>\u201cIl cancelliere austriaco ha affermato inequivocabilmente che se siamo in grado di fermare i migranti solo con una recinzione, dovremmo piuttosto farli passare, ha detto ai giornalisti ungheresi la\u201d Orban. \u201cQuesto \u00e8 ci\u00f2 che dovremo considerare, la\u201d ha aggiunto.<\/p>\n<p>Orban ha affermato che i partecipanti al vertice hanno fatto i conti con cinque delle sei proposte dell&#8217;Ungheria, ma non sono riusciti a raggiungere un accordo sulla sesta, vale a dire che la Grecia dovrebbe proteggere i suoi confini in cooperazione con l&#8217;Unione europea se non \u00e8 in grado di farlo da sola.<\/p>\n<p>\u201c\u00c8 un peccato perch\u00e9 questa \u00e8 stata la proposta pi\u00f9 importante In questo senso, la frontiera esterna dell&#8217;Europa non \u00e8 ancora difesa e i migranti che infrangono gli accordi internazionali continuano a passare attraverso la Grecia, ha detto\u201d Orban.<\/p>\n<p>I partecipanti non hanno avuto determinazione, coraggio e risolutezza per compiere questo passo, ha affermato.<\/p>\n<blockquote>\n<p>\u201cPenso che non abbiano considerato la questione cos\u00ec importante come noi, ungheresi, ha detto.<\/p>\n<\/blockquote>\n<p>Orban ha delineato le sei proposte in Baviera mercoled\u00ec Oltre al controllo dell&#8217;UE lungo il confine greco, ha proposto di separare i rifugiati e i migranti economici prima che entrino nell&#8217;area Schengen e di stilare un elenco UE dei paesi considerati sicuri in cui vivere.<\/p>\n<p>Orban ha proposto che ogni Stato membro dovrebbe aumentare il contributo all&#8217;UE dell&#8217;1 per cento e tagliare la spesa dell&#8217;1 per cento, con il risultato di 3 miliardi di euro da spendere per i rifugiati.<\/p>\n<p>Ha inoltre proposto di sviluppare una partnership con stati il cui coinvolgimento nella gestione della crisi dei migranti \u00e8 inevitabile, come Turchia e Russia.<\/p>\n<p>Orban ha affermato che dovrebbero essere introdotte quote globali e che tutti i paesi del mondo dovrebbero essere coinvolti nella gestione della crisi dei migranti.<\/p>\n<p><em>Foto: MTI<\/em><\/p>\n","protected":false},"excerpt":{"rendered":"<p>Bruxelles, 4 settembre (MTI) 2 L&#8217;Ungheria protegger\u00e0 la sua \u201cconfine\u201d verde con recinzioni oppure, \u201cse questa opzione non \u00e8 quella popular\u201d, potr\u00e0 far passare i migranti in direzione di Austria e Germania, ha detto il primo ministro ungherese Viktor Orban a Bruxelles nelle prime ore di gioved\u00ec, dopo aver partecipato a un vertice di emergenza [&hellip;]<\/p>\n","protected":false},"author":2,"featured_media":729743,"comment_status":"open","ping_status":"open","sticky":false,"template":"","format":"standard","meta":{"_display_image":"","footnotes":""},"categories":[1185],"tags":[1291,1083],"class_list":["post-729742","post","type-post","status-publish","format-standard","has-post-thumbnail","hentry","category-politica-in-ungheria","tag-migrazione","tag-viktor-orban"],"blocksy_meta":[],"author_username":"alk","telegram_post":"","public_post_metadata":{"breaking_news":"","important":"","csempe":"","center_tile":"","disable_thumbnail":"","target_lang":"","_featured_image_style":"","telegram_post":"","_xlat_group_id":""},"public_rank_math_data":{"title":"%titolo% %sep% %nomesito%","description":"","focus_keyword":"","canonical_url":"","robots":"","primary_category":"1185","breadcrumb_title":"","facebook_title":"","facebook_description":"","facebook_image":"","facebook_image_id":"","twitter_title":"","twitter_description":"","twitter_image":"","twitter_image_id":"","twitter_card_type":"","twitter_use_facebook":"","advanced_robots":"","pillar_content":"","seo_score":"","contentai_score":"","rich_snippet":""},"_links":{"self":[{"href":"https:\/\/dailynewshungary.com\/it\/wp-json\/wp\/v2\/posts\/729742","targetHints":{"allow":["GET"]}}],"collection":[{"href":"https:\/\/dailynewshungary.com\/it\/wp-json\/wp\/v2\/posts"}],"about":[{"href":"https:\/\/dailynewshungary.com\/it\/wp-json\/wp\/v2\/types\/post"}],"author":[{"embeddable":true,"href":"https:\/\/dailynewshungary.com\/it\/wp-json\/wp\/v2\/users\/2"}],"replies":[{"embeddable":true,"href":"https:\/\/dailynewshungary.com\/it\/wp-json\/wp\/v2\/comments?post=729742"}],"version-history":[{"count":0,"href":"https:\/\/dailynewshungary.com\/it\/wp-json\/wp\/v2\/posts\/729742\/revisions"}],"wp:featuredmedia":[{"embeddable":true,"href":"https:\/\/dailynewshungary.com\/it\/wp-json\/wp\/v2\/media\/729743"}],"wp:attachment":[{"href":"https:\/\/dailynewshungary.com\/it\/wp-json\/wp\/v2\/media?parent=729742"}],"wp:term":[{"taxonomy":"category","embeddable":true,"href":"https:\/\/dailynewshungary.com\/it\/wp-json\/wp\/v2\/categories?post=729742"},{"taxonomy":"post_tag","embeddable":true,"href":"https:\/\/dailynewshungary.com\/it\/wp-json\/wp\/v2\/tags?post=729742"}],"curies":[{"name":"wp","href":"https:\/\/api.w.org\/{rel}","templated":true}]}}