{"id":729840,"date":"2015-09-21T19:10:51","date_gmt":"2015-09-21T17:10:51","guid":{"rendered":"https:\/\/dailynewshungary.com\/it\/ministro-degli-esteri-a-praga-sistema-di-quote-per-i-rifugiati-nessuna-soluzione-alla-crisi\/"},"modified":"2015-09-21T19:10:51","modified_gmt":"2015-09-21T17:10:51","slug":"ministro-degli-esteri-a-praga-sistema-di-quote-per-i-rifugiati-nessuna-soluzione-alla-crisi","status":"publish","type":"post","link":"https:\/\/dailynewshungary.com\/it\/ministro-degli-esteri-a-praga-sistema-di-quote-per-i-rifugiati-nessuna-soluzione-alla-crisi\/","title":{"rendered":"Ministro degli Esteri a Praga: sistema di quote per i rifugiati nessuna soluzione alla crisi"},"content":{"rendered":"<p><strong>Praga, 1 settembre (MTI) 2 L&#8217;Unione Europea \u201cis dreaming\u201d se pensa che un sistema obbligatorio di quote di rifugiati risolver\u00e0 la sua crisi migratoria, ha detto luned\u00ec a Praga il ministro degli Esteri Peter Szijjarto.<\/strong><\/p>\n<p>Szijjarto \u00e8 intervenuto a margine di una riunione d&#8217;emergenza dei ministri degli Esteri dei quattro paesi di Visegrad (V4), alla quale ha partecipato anche il ministro degli Esteri lussemburghese Jean Asselborn, il cui paese detiene la presidenza di turno dell&#8217;UE.<\/p>\n<blockquote>\n<p>\u201cLa vera soluzione sarebbe che l&#8217;UE riprendesse il controllo sui propri confini, ha detto\u201d Szijjarto.<\/p>\n<\/blockquote>\n<p>\u201cIl sistema delle quote \u00e8 inapplicabile, non ci sono le condizioni per la sua attuazione,\u201d ha aggiunto.<\/p>\n<p>All&#8217;inizio di questo mese, i paesi V4 hanno rifiutato il sistema delle quote Lo scopo dell&#8217;incontro di oggi \u00e8 che i paesi discutano le loro opinioni sulla crisi in vista del vertice UE di emergenza di mercoled\u00ec.<\/p>\n<p>Szijjarto ha affermato che la chiave per la protezione dei confini europei \u00e8 la Grecia, un paese che secondo lui deve essere rafforzato per poter proteggere le sue frontiere.<\/p>\n<p>Ha invitato l&#8217;UE a fornire sostegno finanziario, militare e tecnologico alla Grecia, ha affermato che l&#8217;Europa deve essere pronta per un flusso ancora pi\u00f9 ampio di migranti in futuro.<\/p>\n<p>Szijjarto ha detto che l&#8217;Ungheria \u00e8 in una posizione difficile nella crisi dei migranti perch\u00e9 \u201caltri due Stati membri dell&#8217;UE violano deliberatamente e dimostrativamente le leggi dell&#8217;UE\u201d Il ministro ha detto che la Grecia \u201cis incapace di proteggere i suoi confini\u201d mentre la Croazia \u201c inonda l&#8217;Ungheria con migliaia di migranti senza registrarli\u201d.<\/p>\n<p><em>Foto: MTI<\/em><\/p>\n","protected":false},"excerpt":{"rendered":"<p>Praga, 1 settembre (MTI) 2 L&#8217;Unione Europea \u201cis dreaming\u201d se pensa che un sistema obbligatorio di quote di rifugiati risolver\u00e0 la sua crisi migratoria, ha detto luned\u00ec a Praga il ministro degli Esteri Peter Szijjarto. Szijjarto \u00e8 intervenuto a margine di una riunione d&#8217;emergenza dei ministri degli Esteri dei quattro paesi di Visegrad (V4), alla [&hellip;]<\/p>\n","protected":false},"author":2,"featured_media":729841,"comment_status":"open","ping_status":"open","sticky":false,"template":"","format":"standard","meta":{"_display_image":"","footnotes":""},"categories":[1185],"tags":[1092],"class_list":["post-729840","post","type-post","status-publish","format-standard","has-post-thumbnail","hentry","category-politica-in-ungheria","tag-ministero-degli-affari-esteri-dellungheria"],"blocksy_meta":[],"author_username":"alk","telegram_post":"","public_post_metadata":{"breaking_news":"","important":"","csempe":"","center_tile":"","disable_thumbnail":"","target_lang":"","_featured_image_style":"","telegram_post":"","_xlat_group_id":""},"public_rank_math_data":{"title":"%titolo% %sep% %nomesito%","description":"","focus_keyword":"","canonical_url":"","robots":"","primary_category":"1185","breadcrumb_title":"","facebook_title":"","facebook_description":"","facebook_image":"","facebook_image_id":"","twitter_title":"","twitter_description":"","twitter_image":"","twitter_image_id":"","twitter_card_type":"","twitter_use_facebook":"","advanced_robots":"","pillar_content":"","seo_score":"","contentai_score":"","rich_snippet":""},"_links":{"self":[{"href":"https:\/\/dailynewshungary.com\/it\/wp-json\/wp\/v2\/posts\/729840","targetHints":{"allow":["GET"]}}],"collection":[{"href":"https:\/\/dailynewshungary.com\/it\/wp-json\/wp\/v2\/posts"}],"about":[{"href":"https:\/\/dailynewshungary.com\/it\/wp-json\/wp\/v2\/types\/post"}],"author":[{"embeddable":true,"href":"https:\/\/dailynewshungary.com\/it\/wp-json\/wp\/v2\/users\/2"}],"replies":[{"embeddable":true,"href":"https:\/\/dailynewshungary.com\/it\/wp-json\/wp\/v2\/comments?post=729840"}],"version-history":[{"count":0,"href":"https:\/\/dailynewshungary.com\/it\/wp-json\/wp\/v2\/posts\/729840\/revisions"}],"wp:featuredmedia":[{"embeddable":true,"href":"https:\/\/dailynewshungary.com\/it\/wp-json\/wp\/v2\/media\/729841"}],"wp:attachment":[{"href":"https:\/\/dailynewshungary.com\/it\/wp-json\/wp\/v2\/media?parent=729840"}],"wp:term":[{"taxonomy":"category","embeddable":true,"href":"https:\/\/dailynewshungary.com\/it\/wp-json\/wp\/v2\/categories?post=729840"},{"taxonomy":"post_tag","embeddable":true,"href":"https:\/\/dailynewshungary.com\/it\/wp-json\/wp\/v2\/tags?post=729840"}],"curies":[{"name":"wp","href":"https:\/\/api.w.org\/{rel}","templated":true}]}}