{"id":729844,"date":"2015-09-21T18:21:58","date_gmt":"2015-09-21T16:21:58","guid":{"rendered":"https:\/\/dailynewshungary.com\/it\/il-discorso-di-orban-sullimmigrazione-clandestina-suscita-reazioni-contrastanti-update\/"},"modified":"2015-09-21T18:21:58","modified_gmt":"2015-09-21T16:21:58","slug":"il-discorso-di-orban-sullimmigrazione-clandestina-suscita-reazioni-contrastanti-update","status":"publish","type":"post","link":"https:\/\/dailynewshungary.com\/it\/il-discorso-di-orban-sullimmigrazione-clandestina-suscita-reazioni-contrastanti-update\/","title":{"rendered":"Il discorso di Orban sull\u2019immigrazione clandestina suscita reazioni contrastanti (UPDATE)"},"content":{"rendered":"<p><strong>Budapest, 2 settembre (MTI) Il discorso di luned\u00ec in parlamento del primo ministro Viktor Orban sulle misure per contrastare l&#8217;immigrazione clandestina ha incontrato il sostegno dei partiti al potere e del nazionalista radicale Jobbik, suscitando critiche da parte di altri partiti di opposizione.<\/strong><\/p>\n<p>La sentenza Fidesz ha affermato che l\u2019afflusso di migranti non pu\u00f2 essere affrontato a meno che l\u2019Europa non dichiari che il continente non pu\u00f2 accogliere tutti, protegga i suoi confini e garantisca che le richieste di asilo siano valutate al di fuori dei confini esterni dell\u2019Europa.<\/p>\n<p>Il primo ministro ha chiesto l&#8217;autorizzazione dell&#8217;Assemblea nazionale a coinvolgere l&#8217;esercito nella protezione dei confini del Paese.<\/p>\n<p>Nel suo discorso, il primo ministro ha detto ai deputati dell&#8217;opposizione che coloro che sono contrari all&#8217;uso dell&#8217;esercito ma criticano il governo per la bassa efficienza del controllo delle frontiere sono \u201cipocriti\u201d.<\/p>\n<p>Per quanto riguarda le norme pi\u00f9 severe sull&#8217;immigrazione dell&#8217;Ungheria, Orban ha affermato che \u00e8 necessario gestire la situazione, ma ha aggiunto che l&#8217;Ungheria non pu\u00f2 risolvere il problema in s\u00e9. Fermare l&#8217;afflusso di immigrati richiede sforzi da parte della comunit\u00e0 internazionale. Ha anche avvertito che potrebbero non esserci \u201c\u201d vacanze invernali nell&#8217;immigrazione e la pressione potrebbe addirittura aumentare.<\/p>\n<p>Proteggere i confini Schengen non \u00e8 facoltativo ma obbligatorio per i membri dell&#8217;Unione Europea; o tutti osservano quelle regole oppure le regole dovrebbero essere modificate da una volont\u00e0 comune, ha detto Orban.<\/p>\n<p>Il primo ministro ha ripetuto la sua posizione contro le quote europee proposte Ha avvertito che l&#8217;UE potrebbe approvare una \u201cbad decision\u201d questa settimana, che sar\u00e0 vincolante per tutti i membri, Se ci\u00f2 dovesse accadere, ha detto, il parlamento ungherese dovr\u00e0 stabilire le direzioni e \u201cdirci cosa fare se pensiamo che un sistema sia cattivo, abbiamo combattuto contro di esso, votato contro, ancora, \u00e8 stato convertito in legge e dobbiamo rispettarlo Quale approccio adotteremo?\u201d ha chiesto.<\/p>\n<p>Il leader del gruppo Fidesz Antal Rogan ha chiesto unit\u00e0 e cooperazione senza affiliazione al partito.<\/p>\n<p>I cristiano-democratici co-governatori hanno affermato che il problema dovrebbe essere affrontato alla radice e che gli aiuti dovrebbero essere forniti ai paesi in guerra; \u201ctutto il resto tratta solo i sintomi\u201d.<\/p>\n<p>Jobbik ha invitato i partiti parlamentari a mettere da parte le loro differenze di politica di partito e unire le forze per gestire la crisi dei migranti Dovrebbero essere costruite recinzioni lungo tutte le sezioni di confine, le guardie di frontiera dovrebbero essere ripristinate e i civili coinvolti anche nella protezione dei confini dell&#8217;Ungheria, ha detto al parlamento il leader del partito e del gruppo Gabor Vona L&#8217;Ungheria dovrebbe portare a casa i suoi soldati dalle guerre che hanno innescato l&#8217;attuale ondata di migranti, ha detto, aggiungendo che l&#8217;Ungheria dovrebbe introdurre il servizio militare volontario, ha detto. <em>Leggi di pi\u00f9 <span style=\"color: #0000ff;\"><a href=\"https:\/\/dailynewshungary.com\/it\/jobbik-invita-le-parti-a-unire-le-forze-per-gestire-la-crisi-dei-migranti\/\" target=\"_blank\">QUI<\/a><\/span>.<\/em><\/p>\n<p>I socialisti dell&#8217;opposizione hanno affermato che la crisi dei rifugiati non pu\u00f2 essere risolta attraverso politiche di \u201cconfronto creando tensioni\u201d. Il leader socialista Jozsef Tobias ha affermato che la regola di Dublino III \u00e8 \u201cover\u201d e ha chiesto regole comuni europee sulla migrazione. Ha aggiunto che i fondi comunitari non dovrebbero essere utilizzati solo per la gestione delle crisi ma anche per la protezione delle frontiere europee.<\/p>\n<p>Il co-leader dell&#8217;opposizione verde LMP Andras Schiffer ha affermato che i confini dell&#8217;Europa non possono essere protetti senza cooperazione e ha chiesto un regime europeo comune e l&#8217;assegnazione dei fondi necessari Schiffer ha insistito sul fatto che una crisi globale sta ora colpendo l&#8217;Ungheria, e il paese \u201c non deve calpestare il diritto internazionale\u201d. \u201cCosa accadr\u00e0 se tutti i paesi inizieranno a costruire recinzioni? e se gli austriaci e i tedeschi restituissero tutti quei migranti registrati in Ungheria?\u201d ha chiesto Schiffer ha affermato che, sebbene i recenti attacchi all&#8217;Ungheria siano ingiusti e i confini debbano essere controllati, consegnare note di protesta a un paese e poi all&#8217;altra\u201d non \u00e8 una buona soluzione.<\/p>\n<p>&nbsp;<\/p>\n<p><em>Foto: MTI<\/em><\/p>\n","protected":false},"excerpt":{"rendered":"<p>Budapest, 2 settembre (MTI) Il discorso di luned\u00ec in parlamento del primo ministro Viktor Orban sulle misure per contrastare l&#8217;immigrazione clandestina ha incontrato il sostegno dei partiti al potere e del nazionalista radicale Jobbik, suscitando critiche da parte di altri partiti di opposizione. La sentenza Fidesz ha affermato che l\u2019afflusso di migranti non pu\u00f2 essere [&hellip;]<\/p>\n","protected":false},"author":2,"featured_media":729845,"comment_status":"open","ping_status":"open","sticky":false,"template":"","format":"standard","meta":{"_display_image":"","footnotes":""},"categories":[1185],"tags":[1078,1291,1083],"class_list":["post-729844","post","type-post","status-publish","format-standard","has-post-thumbnail","hentry","category-politica-in-ungheria","tag-fidesz","tag-migrazione","tag-viktor-orban"],"blocksy_meta":[],"author_username":"alk","telegram_post":"","public_post_metadata":{"breaking_news":"","important":"","csempe":"","center_tile":"","disable_thumbnail":"","target_lang":"","_featured_image_style":"","telegram_post":"","_xlat_group_id":""},"public_rank_math_data":{"title":"%titolo% %sep% %nomesito%","description":"","focus_keyword":"","canonical_url":"","robots":"","primary_category":"1185","breadcrumb_title":"","facebook_title":"","facebook_description":"","facebook_image":"","facebook_image_id":"","twitter_title":"","twitter_description":"","twitter_image":"","twitter_image_id":"","twitter_card_type":"","twitter_use_facebook":"","advanced_robots":"","pillar_content":"","seo_score":"","contentai_score":"","rich_snippet":""},"_links":{"self":[{"href":"https:\/\/dailynewshungary.com\/it\/wp-json\/wp\/v2\/posts\/729844","targetHints":{"allow":["GET"]}}],"collection":[{"href":"https:\/\/dailynewshungary.com\/it\/wp-json\/wp\/v2\/posts"}],"about":[{"href":"https:\/\/dailynewshungary.com\/it\/wp-json\/wp\/v2\/types\/post"}],"author":[{"embeddable":true,"href":"https:\/\/dailynewshungary.com\/it\/wp-json\/wp\/v2\/users\/2"}],"replies":[{"embeddable":true,"href":"https:\/\/dailynewshungary.com\/it\/wp-json\/wp\/v2\/comments?post=729844"}],"version-history":[{"count":0,"href":"https:\/\/dailynewshungary.com\/it\/wp-json\/wp\/v2\/posts\/729844\/revisions"}],"wp:featuredmedia":[{"embeddable":true,"href":"https:\/\/dailynewshungary.com\/it\/wp-json\/wp\/v2\/media\/729845"}],"wp:attachment":[{"href":"https:\/\/dailynewshungary.com\/it\/wp-json\/wp\/v2\/media?parent=729844"}],"wp:term":[{"taxonomy":"category","embeddable":true,"href":"https:\/\/dailynewshungary.com\/it\/wp-json\/wp\/v2\/categories?post=729844"},{"taxonomy":"post_tag","embeddable":true,"href":"https:\/\/dailynewshungary.com\/it\/wp-json\/wp\/v2\/tags?post=729844"}],"curies":[{"name":"wp","href":"https:\/\/api.w.org\/{rel}","templated":true}]}}