{"id":729854,"date":"2015-09-21T15:00:05","date_gmt":"2015-09-21T13:00:05","guid":{"rendered":"https:\/\/dailynewshungary.com\/it\/e-cosi-che-orban-salverebbe-lue-dai-migranti\/"},"modified":"2015-09-21T15:00:05","modified_gmt":"2015-09-21T13:00:05","slug":"e-cosi-che-orban-salverebbe-lue-dai-migranti","status":"publish","type":"post","link":"https:\/\/dailynewshungary.com\/it\/e-cosi-che-orban-salverebbe-lue-dai-migranti\/","title":{"rendered":"\u00c8 cos\u00ec che Orb\u00e1n salverebbe l\u2019UE dai migranti"},"content":{"rendered":"<p><strong>Un problema dovrebbe essere gestito nel paese in cui \u00e8 sorto. Questa \u00e8 la strategia del Primo Ministro Orb\u00e1n Viktor per la crisi dei migranti, e il governo \u00e8 pronto a offrire una notevole quantit\u00e0 di denaro per farlo. Se tutti i 28 paesi aderiranno, l\u2019Ungheria offrir\u00e0 l\u20191% del suo budget per formare un fondo dal quale i paesi colpiti potrebbero essere aiutati. &nbsp;<\/strong><\/p>\n<p><span style=\"font-weight: 400;\">Secondo N\u00e9pszabads\u00e1g, il modello del Primo Ministro \u00e8 molto simile alla proposta di David Cameron Orb\u00e1n \u00e8 pronto a presentare le sue idee sul vertice UE di mercoled\u00ec Zolt\u00e1n Balog, ministro delle Capacit\u00e0 umane, ha affermato che la proposta \u00e8 \u201cvery good.\u201d<\/span><span style=\"font-weight: 400;\">&nbsp;<\/span><\/p>\n<p><span style=\"font-weight: 400;\">Uno degli obiettivi pi\u00f9 importanti \u00e8 quello di chiudere gli obiettivi di tratta di esseri umani e per farlo, i migranti hanno bisogno di rotte sicure per raggiungere il paese bersaglio e non dovrebbero marciare attraverso l&#8217;Europa. In precedenza Orb\u00e1n aveva lasciato intendere che chiunque pu\u00f2 chiedere asilo all&#8217;ambasciata ungherese, i loro casi saranno esaminati per determinare se hanno il diritto di rimanere qui o dovrebbero trasferirsi in un altro paese. Analogamente alle opinioni di altri paesi, il Primo Ministro ungherese vorrebbe che le persone chiedessero asilo in paesi pi\u00f9 vicini alla zona di guerra; ma ci\u00f2 non significa che ai migranti non venga data la possibilit\u00e0 di rimanere in Ungheria. <\/span><\/p>\n<p>Fonti governative hanno anche detto a N\u00e9pszabads\u00e1g che l&#8217;altro principio fondamentale \u00e8 che l&#8217;UE dovrebbe accogliere solo rifugiati provenienti da zone di crisi e zone di guerra. \u201cUn problema dovrebbe essere gestito nel paese in cui \u00e8 sorto\u201d, questa sarebbe la visione ungherese. Ma ci\u00f2 non significa che nessuno si occuperebbe del problema; secondo la cerchia ristretta del Primo Ministro ha gi\u00e0 suggerito di destinare l&#8217;1% del bilancio ungherese per formare un fondo, se tutti gli altri 27 paesi aderissero e versassero i loro contributi.<\/p>\n<p>Non c&#8217;\u00e8 ancora alcuna proposta ufficiale, ha sottolineato la fonte, e ha aggiunto che stiamo parlando di enormi quantit\u00e0 di denaro; se questo 1% significa spese, possono essere 163 miliardi di fiorini, se parliamo dell&#8217;1% dell&#8217;intero budget, rispetto a 330 miliardi di fiorini.\u201d<\/p>\n<p><span style=\"font-weight: 400;\">L&#8217;idea di Orb\u00e1n non sarebbe una grande sorpresa, perch\u00e9 ha menzionato pi\u00f9 volte che l&#8217;unico modo per risolvere la crisi dei migranti inizia con un fondo dell&#8217;Unione Secondo la sua teoria, l&#8217;UE consulterebbe i paesi pi\u00f9 colpiti come la Turchia e fornirebbe loro un aiuto finanziario in modo che possano gestire il problema nei propri paesi, e non ci sarebbe o ci sarebbe poco bisogno che i rifugiati chiedano asilo in altri paesi. <\/span><\/p>\n<p><span style=\"font-weight: 400;\">\u201cQuanti soldi spenderebbe l\u2019UE per i migranti in arrivo, invece di darli a quei paesi che sono vicini alla zona di guerra e ne hanno davvero bisogno per fermare le masse? (&#8230;) Costerebbe meno e sarebbe moralmente accettabileha sostenuto la\u201d Orb\u00e1n. Secondo il punto di vista ungherese, gli hotspot, proposti da Bruxelles, dovrebbero essere posizionati anche al di fuori dei confini dell\u2019UE. <\/span><\/p>\n<p><span style=\"font-weight: 400;\">I punti caldi sono quei campi in cui i richiedenti asilo sono registrati da dipendenti dell\u2019UE e da dove i migranti viaggerebbero verso i paesi target. &nbsp;<\/span><\/p>\n<p><span style=\"font-weight: 400;\">Mercoled\u00ec 23 settembre, ore 18, si svolger\u00e0 a Bruxelles il Vertice UE di emergenza. <\/span><\/p>\n<p><i><span style=\"font-weight: 400;\">tradotto da Adrienn Sain<br \/>\n<\/span><\/i><i><span style=\"font-weight: 400;\">sulla base di un articolo di <span style=\"color: #0000ff;\"><a style=\"color: #0000ff;\" href=\"http:\/\/nol.hu\/belfold\/orban-meresz-ajanlata-1564391\" target=\"_blank\" rel=\"noopener\">nol.hu<\/a><\/span><\/span><\/i><\/p>\n<p><em>Foto: MTI<\/em><\/p>\n<p>&nbsp;<\/p>\n","protected":false},"excerpt":{"rendered":"<p>Un problema dovrebbe essere gestito nel paese in cui \u00e8 sorto. Questa \u00e8 la strategia del Primo Ministro Orb\u00e1n Viktor per la crisi dei migranti, e il governo \u00e8 pronto a offrire una notevole quantit\u00e0 di denaro per farlo. Se tutti i 28 paesi aderiranno, l\u2019Ungheria offrir\u00e0 l\u20191% del suo budget per formare un fondo [&hellip;]<\/p>\n","protected":false},"author":2,"featured_media":729855,"comment_status":"open","ping_status":"open","sticky":false,"template":"","format":"standard","meta":{"_display_image":"","footnotes":""},"categories":[1185],"tags":[1450,1291,1075,1083],"class_list":["post-729854","post","type-post","status-publish","format-standard","has-post-thumbnail","hentry","category-politica-in-ungheria","tag-diritto","tag-migrazione","tag-unione-europea","tag-viktor-orban"],"blocksy_meta":[],"author_username":"alk","telegram_post":"","public_post_metadata":{"breaking_news":"","important":"","csempe":"","center_tile":"","disable_thumbnail":"","target_lang":"","_featured_image_style":"","telegram_post":"","_xlat_group_id":""},"public_rank_math_data":{"title":"%titolo% %sep% %nomesito%","description":"","focus_keyword":"","canonical_url":"","robots":"","primary_category":"1185","breadcrumb_title":"","facebook_title":"","facebook_description":"","facebook_image":"","facebook_image_id":"","twitter_title":"","twitter_description":"","twitter_image":"","twitter_image_id":"","twitter_card_type":"","twitter_use_facebook":"","advanced_robots":"","pillar_content":"","seo_score":"","contentai_score":"","rich_snippet":""},"_links":{"self":[{"href":"https:\/\/dailynewshungary.com\/it\/wp-json\/wp\/v2\/posts\/729854","targetHints":{"allow":["GET"]}}],"collection":[{"href":"https:\/\/dailynewshungary.com\/it\/wp-json\/wp\/v2\/posts"}],"about":[{"href":"https:\/\/dailynewshungary.com\/it\/wp-json\/wp\/v2\/types\/post"}],"author":[{"embeddable":true,"href":"https:\/\/dailynewshungary.com\/it\/wp-json\/wp\/v2\/users\/2"}],"replies":[{"embeddable":true,"href":"https:\/\/dailynewshungary.com\/it\/wp-json\/wp\/v2\/comments?post=729854"}],"version-history":[{"count":0,"href":"https:\/\/dailynewshungary.com\/it\/wp-json\/wp\/v2\/posts\/729854\/revisions"}],"wp:featuredmedia":[{"embeddable":true,"href":"https:\/\/dailynewshungary.com\/it\/wp-json\/wp\/v2\/media\/729855"}],"wp:attachment":[{"href":"https:\/\/dailynewshungary.com\/it\/wp-json\/wp\/v2\/media?parent=729854"}],"wp:term":[{"taxonomy":"category","embeddable":true,"href":"https:\/\/dailynewshungary.com\/it\/wp-json\/wp\/v2\/categories?post=729854"},{"taxonomy":"post_tag","embeddable":true,"href":"https:\/\/dailynewshungary.com\/it\/wp-json\/wp\/v2\/tags?post=729854"}],"curies":[{"name":"wp","href":"https:\/\/api.w.org\/{rel}","templated":true}]}}