{"id":729858,"date":"2015-09-21T13:30:54","date_gmt":"2015-09-21T11:30:54","guid":{"rendered":"https:\/\/dailynewshungary.com\/it\/orban-ungheria-protegge-famiglia-europea-update\/"},"modified":"2015-09-21T13:30:54","modified_gmt":"2015-09-21T11:30:54","slug":"orban-ungheria-protegge-famiglia-europea-update","status":"publish","type":"post","link":"https:\/\/dailynewshungary.com\/it\/orban-ungheria-protegge-famiglia-europea-update\/","title":{"rendered":"Orban: Ungheria protegge \u2018Famiglia europea\u2019 UPDATE"},"content":{"rendered":"<p><strong>Budapest, 1 settembre (MTI) 2 L&#8217;Ungheria sta facendo la cosa pi\u00f9 naturale in relazione all&#8217;immigrazione clandestina: sta proteggendo la sua famiglia, ha detto luned\u00ec il primo ministro Viktor Orban.<\/strong><\/p>\n<p>L\u2019Ungheria \u00e8 un membro onorato della grande famiglia europea da mille anni ed \u00e8 per una responsabilit\u00e0 storica e morale che deve proteggere l\u2019Europa. Quando l\u2019Ungheria protegge i suoi confini, protegge anche l\u2019Europa, ha detto in parlamento e ha ringraziato la polizia e i soldati per il loro servizio \u201cdisciplinato e umano\u201d alle frontiere.<\/p>\n<p>L&#8217;Ungheria combatte su due fronti, mentre protegge i confini deve anche lottare contro la miope politica europea\u201d.<\/p>\n<p>L&#8217;Ungheria \u00e8 in contrasto con Bruxelles, ha individuato problemi diversi e soluzioni diverse, e anche conseguenze diverse dei problemi, ha detto Orban, aggiungendo che molte istituzioni europee dovrebbero essere rivisitate, Poich\u00e9 l&#8217;Europa non \u00e8 in grado di proteggere le proprie frontiere esterne, le sue frontiere interne sono chiuse una dopo l&#8217;altra, ha aggiunto.<\/p>\n<p>Orban ha detto che molte centinaia di migliaia e persino milioni di migranti stanno prendendo d&#8217;assalto i confini dell&#8217;Europa, compresa l&#8217;Ungheria Ormai, essi \u201cnon solo stanno bussando alla porta ma la stanno spalancando\u201d, ha aggiunto C&#8217;\u00e8 una scorta sufficiente di ulteriori migranti, con milioni di persone bisognose di aiuti umanitari che si preparano a fuggire dall&#8217;Iraq e dalla Siria. \u201cLa linea di difesa nell&#8217;Africa settentrionale \u00e8 crollata\u201d, la Primavera Araba ha portato al caos e le istituzioni della democrazia rappresentativa, considerate in Occidente come l&#8217;unica forma accettabile di governo, si sono dimostrate disfunzionali in luoghi dove la gente del posto non le vuole, ha aggiunto.<\/p>\n<p>\u201cL&#8217;Europa \u00e8 andata oltre il lasciare porte e finestre aperte: ha inviato inviti ai migranti\u201d, ha detto Orban.<\/p>\n<p>I migranti sono vittime di decisioni politiche sbagliate e \u201cil mondo ha effettivamente voltato le spalle a loro\u201d \u00c8 comprensibile che molti di coloro che vivono in circostanze difficili fuggano in Europa, \u201cuna regione ricca ma debole del mondo\u201d ma \u00e8 chiaro che l&#8217;Europa non pu\u00f2 assumersi le lamentele di tutto il mondo, \u201cnon possiamo sostenere tutti i migranti economici,\u201d ha detto il primo ministro.<\/p>\n<p>Orban ha definito comprensibile che i partiti di sinistra europei considerino la migrazione come un&#8217;opportunit\u00e0 perch\u00e9 potrebbe aiutarli a raggiungere un obiettivo storico, l&#8217;eliminazione delle nazioni Non sorprende che l&#8217;Ungheria sia stata condannata da tutta Europa quando si \u00e8 schierata a favore dell&#8217;indipendenza nazionale, ha aggiunto.<\/p>\n<p>Orban ha criticato la politica europea, sottolineando che mentre l\u2019Europa chiede al suo mezzo miliardo di cittadini di rispettare la legge, non \u00e8 in grado di costringere i migranti a registrarsi semplicemente. Ha anche criticato Bruxelles per aver gestito i migranti economici illegali come rifugiati. Di conseguenza, i nostri confini sono in pericolo, il nostro modo di vivere basato sul rispetto della legge \u00e8 in pericolo e l\u2019Ungheria, insieme a tutta l\u2019Europa, \u00e8 in pericolo, ha detto la\u201d Orban.<\/p>\n<p>Finch\u00e9 l&#8217;Europa non \u00e8 in grado di agire congiuntamente, gli stati nazionali devono proteggersi contro \u201cla brutale minaccia\u201d, ha detto Orban, citando l&#8217;esito di una consultazione nazionale in cui gli ungheresi hanno dichiarato la necessit\u00e0 di proteggere il loro paese.<\/p>\n<p>Orban ha aggiunto che il governo ungherese ha diverse proposte, come la protezione congiunta dei confini meridionali dell&#8217;Europa, la creazione di campi profughi al di fuori dell&#8217;UE e l&#8217;aiuto ai paesi che gi\u00e0 ospitavano milioni di rifugiati. Ha criticato il previsto regime europeo delle quote, che secondo lui non solo avrebbe diffuso il problema\u201d invece di porre fine alla causa.<\/p>\n<p><em>Foto: MTI<\/em><\/p>\n","protected":false},"excerpt":{"rendered":"<p>Budapest, 1 settembre (MTI) 2 L&#8217;Ungheria sta facendo la cosa pi\u00f9 naturale in relazione all&#8217;immigrazione clandestina: sta proteggendo la sua famiglia, ha detto luned\u00ec il primo ministro Viktor Orban. L\u2019Ungheria \u00e8 un membro onorato della grande famiglia europea da mille anni ed \u00e8 per una responsabilit\u00e0 storica e morale che deve proteggere l\u2019Europa. Quando l\u2019Ungheria [&hellip;]<\/p>\n","protected":false},"author":2,"featured_media":729859,"comment_status":"open","ping_status":"open","sticky":false,"template":"","format":"standard","meta":{"_display_image":"","footnotes":""},"categories":[1185],"tags":[1291,1083],"class_list":["post-729858","post","type-post","status-publish","format-standard","has-post-thumbnail","hentry","category-politica-in-ungheria","tag-migrazione","tag-viktor-orban"],"blocksy_meta":[],"author_username":"alk","telegram_post":"","public_post_metadata":{"breaking_news":"","important":"","csempe":"","center_tile":"","disable_thumbnail":"","target_lang":"","_featured_image_style":"","telegram_post":"","_xlat_group_id":""},"public_rank_math_data":{"title":"%titolo% %sep% %nomesito%","description":"","focus_keyword":"","canonical_url":"","robots":"","primary_category":"1185","breadcrumb_title":"","facebook_title":"","facebook_description":"","facebook_image":"","facebook_image_id":"","twitter_title":"","twitter_description":"","twitter_image":"","twitter_image_id":"","twitter_card_type":"","twitter_use_facebook":"","advanced_robots":"","pillar_content":"","seo_score":"","contentai_score":"","rich_snippet":""},"_links":{"self":[{"href":"https:\/\/dailynewshungary.com\/it\/wp-json\/wp\/v2\/posts\/729858","targetHints":{"allow":["GET"]}}],"collection":[{"href":"https:\/\/dailynewshungary.com\/it\/wp-json\/wp\/v2\/posts"}],"about":[{"href":"https:\/\/dailynewshungary.com\/it\/wp-json\/wp\/v2\/types\/post"}],"author":[{"embeddable":true,"href":"https:\/\/dailynewshungary.com\/it\/wp-json\/wp\/v2\/users\/2"}],"replies":[{"embeddable":true,"href":"https:\/\/dailynewshungary.com\/it\/wp-json\/wp\/v2\/comments?post=729858"}],"version-history":[{"count":0,"href":"https:\/\/dailynewshungary.com\/it\/wp-json\/wp\/v2\/posts\/729858\/revisions"}],"wp:featuredmedia":[{"embeddable":true,"href":"https:\/\/dailynewshungary.com\/it\/wp-json\/wp\/v2\/media\/729859"}],"wp:attachment":[{"href":"https:\/\/dailynewshungary.com\/it\/wp-json\/wp\/v2\/media?parent=729858"}],"wp:term":[{"taxonomy":"category","embeddable":true,"href":"https:\/\/dailynewshungary.com\/it\/wp-json\/wp\/v2\/categories?post=729858"},{"taxonomy":"post_tag","embeddable":true,"href":"https:\/\/dailynewshungary.com\/it\/wp-json\/wp\/v2\/tags?post=729858"}],"curies":[{"name":"wp","href":"https:\/\/api.w.org\/{rel}","templated":true}]}}