{"id":729958,"date":"2015-09-18T10:40:14","date_gmt":"2015-09-18T08:40:14","guid":{"rendered":"https:\/\/dailynewshungary.com\/it\/il-governo-dichiara-lo-stato-di-crisi-per-un-totale-di-sei-contee\/"},"modified":"2015-09-18T10:40:14","modified_gmt":"2015-09-18T08:40:14","slug":"il-governo-dichiara-lo-stato-di-crisi-per-un-totale-di-sei-contee","status":"publish","type":"post","link":"https:\/\/dailynewshungary.com\/it\/il-governo-dichiara-lo-stato-di-crisi-per-un-totale-di-sei-contee\/","title":{"rendered":"Il governo dichiara lo stato di crisi per un totale di sei contee"},"content":{"rendered":"<p><strong>Budapest, 18 settembre (MTI) 1 Il governo ha dichiarato lo stato di crisi per le contee di Zala e Vas nell&#8217;Ungheria occidentale e per le contee di Baranya e Somogy nell&#8217;Ungheria sud-occidentale, ha riportato l&#8217;ultimo numero della gazzetta ufficiale Magyar Kozlony.<\/strong><\/p>\n<p>La misura \u00e8 entrata in vigore alle 8.00 di venerd\u00ec e rimarr\u00e0 in vigore al pi\u00f9 tardi fino al 18 marzo 2016.<\/p>\n<p>L\u2019Ungheria ha ora dichiarato lo stato di crisi in un totale di sei contee.<\/p>\n<p>Il ministro degli Esteri Peter Szijjarto ha annunciato gioved\u00ec sera che lo stato di crisi sar\u00e0 esteso alle contee di Baranya e Somogy perch\u00e9 il sistema di immigrazione croato \u00e8 crollato in un solo giorno.<\/p>\n<p>Marted\u00ec \u00e8 entrato in vigore lo stato di crisi per le contee di Bacs-Kiskun e Csongrad.<\/p>\n","protected":false},"excerpt":{"rendered":"<p>Budapest, 18 settembre (MTI) 1 Il governo ha dichiarato lo stato di crisi per le contee di Zala e Vas nell&#8217;Ungheria occidentale e per le contee di Baranya e Somogy nell&#8217;Ungheria sud-occidentale, ha riportato l&#8217;ultimo numero della gazzetta ufficiale Magyar Kozlony. La misura \u00e8 entrata in vigore alle 8.00 di venerd\u00ec e rimarr\u00e0 in vigore [&hellip;]<\/p>\n","protected":false},"author":2,"featured_media":729959,"comment_status":"open","ping_status":"open","sticky":false,"template":"","format":"standard","meta":{"_display_image":"","footnotes":""},"categories":[1185],"tags":[1291],"class_list":["post-729958","post","type-post","status-publish","format-standard","has-post-thumbnail","hentry","category-politica-in-ungheria","tag-migrazione"],"blocksy_meta":[],"author_username":"alk","telegram_post":"","public_post_metadata":{"breaking_news":"","important":"","csempe":"","center_tile":"","disable_thumbnail":"","target_lang":"","_featured_image_style":"","telegram_post":"","_xlat_group_id":""},"public_rank_math_data":{"title":"%titolo% %sep% %nomesito%","description":"","focus_keyword":"","canonical_url":"","robots":"","primary_category":"1185","breadcrumb_title":"","facebook_title":"","facebook_description":"","facebook_image":"","facebook_image_id":"","twitter_title":"","twitter_description":"","twitter_image":"","twitter_image_id":"","twitter_card_type":"","twitter_use_facebook":"","advanced_robots":"","pillar_content":"","seo_score":"","contentai_score":"","rich_snippet":""},"_links":{"self":[{"href":"https:\/\/dailynewshungary.com\/it\/wp-json\/wp\/v2\/posts\/729958","targetHints":{"allow":["GET"]}}],"collection":[{"href":"https:\/\/dailynewshungary.com\/it\/wp-json\/wp\/v2\/posts"}],"about":[{"href":"https:\/\/dailynewshungary.com\/it\/wp-json\/wp\/v2\/types\/post"}],"author":[{"embeddable":true,"href":"https:\/\/dailynewshungary.com\/it\/wp-json\/wp\/v2\/users\/2"}],"replies":[{"embeddable":true,"href":"https:\/\/dailynewshungary.com\/it\/wp-json\/wp\/v2\/comments?post=729958"}],"version-history":[{"count":0,"href":"https:\/\/dailynewshungary.com\/it\/wp-json\/wp\/v2\/posts\/729958\/revisions"}],"wp:featuredmedia":[{"embeddable":true,"href":"https:\/\/dailynewshungary.com\/it\/wp-json\/wp\/v2\/media\/729959"}],"wp:attachment":[{"href":"https:\/\/dailynewshungary.com\/it\/wp-json\/wp\/v2\/media?parent=729958"}],"wp:term":[{"taxonomy":"category","embeddable":true,"href":"https:\/\/dailynewshungary.com\/it\/wp-json\/wp\/v2\/categories?post=729958"},{"taxonomy":"post_tag","embeddable":true,"href":"https:\/\/dailynewshungary.com\/it\/wp-json\/wp\/v2\/tags?post=729958"}],"curies":[{"name":"wp","href":"https:\/\/api.w.org\/{rel}","templated":true}]}}