{"id":729962,"date":"2015-09-18T10:01:41","date_gmt":"2015-09-18T08:01:41","guid":{"rendered":"https:\/\/dailynewshungary.com\/it\/orban-in-corso-la-costruzione-della-recinzione-al-confine-croato\/"},"modified":"2015-09-18T10:01:41","modified_gmt":"2015-09-18T08:01:41","slug":"orban-in-corso-la-costruzione-della-recinzione-al-confine-croato","status":"publish","type":"post","link":"https:\/\/dailynewshungary.com\/it\/orban-in-corso-la-costruzione-della-recinzione-al-confine-croato\/","title":{"rendered":"Orban: in corso la costruzione della recinzione al confine croato"},"content":{"rendered":"<p><strong>Budapest, 1 settembre (MTI) L&#8217;Ungheria ha iniziato venerd\u00ec mattina presto a costruire una recinzione temporanea al confine con la Croazia, ha detto il primo ministro Viktor Orban.<\/strong><\/p>\n<p>Orban ha detto alla radio pubblica Kossuth che la recinzione dovrebbe essere lunga 41 chilometri e che la linea preliminare di difesa di \u201c\u201d sar\u00e0 completata venerd\u00ec.<\/p>\n<blockquote>\n<p>\u201cDobbiamo compiere la stessa azione di quanto attuato lungo il confine serbo-ungherese,\u201d ha detto.<\/p>\n<\/blockquote>\n<p>Diverse centinaia di poliziotti e soldati sono stati inviati al confine ungherese-croato, ha aggiunto Un totale di 600 soldati sono gi\u00e0 sul posto e saranno raggiunti da altri 500 durante il giorno e altri 700 durante il fine settimana Attualmente ci sono anche 200 poliziotti al confine e saranno raggiunti da 100 durante il giorno e altri 500 durante il fine settimana, ha detto Orban.<\/p>\n<p>Esiste ancora una rotta di traffico di esseri umani attraverso i Balcani occidentali e anche se l&#8217;Ungheria pu\u00f2 proteggere il confine ungherese-serbo, non ha posto fine all&#8217;approvvigionamento di migranti, ha detto.<\/p>\n<p>\u201cCi si dovrebbe aspettare che una grande folla di persone continui a passare lungo i confini meridionali dell&#8217;Ungheria, la stessa folla che in precedenza voleva raggiungere l&#8217;Austria attraverso l&#8217;Ungheria, ha detto\u201d La domanda \u00e8 quale percorso prenderebbero dalla Croazia \u00c8 gi\u00e0 chiaro che uno dei percorsi previsti attraverserebbe l&#8217;Ungheria e \u201cstiamo cercando di contrastare quella\u201d, ha detto Orban.<\/p>\n<p>Ha detto che nessuno dovrebbe sperare di potersi intrufolare illegalmente in Ungheria.<\/p>\n<p>Orban ha detto che l&#8217;Ungheria non pu\u00f2 aspettarsi di fare affidamento sui suoi vicini meridionali, n\u00e9 i serbi n\u00e9 i croati, per chiedere aiuto quando c&#8217;\u00e8 una situazione\u201d.<\/p>\n<p>Quel che \u00e8 ancora peggio, l&#8217;Ungheria non pu\u00f2 nemmeno aspettarsi aiuto dall&#8217;Occidente e \u201cle voci critiche da l\u00ec non si calmano a terra, ha detto. Parti dei media e della politica europea sono governate dal liberalismo\u201csuicida\u201d che \u201cmette a rischio il nostro modo di vivere\u201d, ha aggiunto.<\/p>\n<p>Allo stesso tempo, Orban ha espresso la speranza che la Slovenia prenda sul serio la protezione delle frontiere Schengen.<\/p>\n<p>Ha detto che le autorit\u00e0 ungheresi hanno gi\u00e0 catturato un terrorista.<\/p>\n<p>\u201cSappiamo chi ha organizzato l&#8217;attacco contro lo Stato ungherese dal territorio serbo,\u201d ha aggiunto. Le loro azioni erano controllate con l&#8217;aiuto di altoparlanti in inglese e in arabo, e c&#8217;era una copertura mediatica organizzata\u201c\u201d.<\/p>\n<p>Commentando gli eventi di mercoled\u00ec al valico di frontiera di Roszke con la Serbia, dove la polizia si \u00e8 scontrata con i migranti, ha detto che l&#8217;\u201cUngheria \u00e8 stata sottoposta ad un attacco armato dalla direzione della Serbia\u201d e i serbi non hanno nemmeno cercato di impedire l&#8217;attacco contro la polizia ungherese che ha pienamente osservato le regole del trattamento umano.<\/p>\n<p>\u201cCi\u00f2 che vogliamo dimostrare&#8230; \u00e8 che potrebbe esserci un grande flusso di migranti verso l&#8217;Europa ma se tutti adempiono ai propri compiti allora questo flusso potrebbe essere fermato, controllato e reso trasparente, ha detto\u201d Orban. L\u2019Europa non sa chi sono le persone ammesse, non \u00e8 semplicemente un problema migratorio e anche i rischi, compreso il rischio di terrorismo, devono essere affrontati seriamente.<\/p>\n<p>Il primo ministro ha espresso ancora una volta il suo sostegno alla comunit\u00e0 musulmana ungherese e ha affermato che si tratta di persone di valore\u201c\u201d. Ha avvertito che \u00e8 importante assicurarsi che l&#8217;impegno dell&#8217;Ungheria nei confronti della sua identit\u00e0 cristiana non si presenti come un sentimento di \u201canti-Islam\u201d.<\/p>\n<p>\u201cL&#8217;Ungheria non sar\u00e0 mai anti-Islam, ha insistito\u201d Orban.<\/p>\n<p>Orban ha affermato che sarebbe una \u201ca crime\u201d politica legare il dibattito sul sistema delle quote di rifugiati alla potenziale sospensione dei fondi UE.<\/p>\n<p>\u201cL&#8217;Ungheria sarebbe una colonia\u201d se lo squilibrio tra gli Stati membri occidentali dell&#8217;UE e i paesi ex comunisti rimanesse in vigore, ha detto il primo ministro Ha osservato che l&#8217;UE ha implementato alcuni meccanismi economici per garantire che i nuovi Stati membri possano essere competitivi.<\/p>\n<p>Sul tema della nomina di Antal Rogan alla carica di capo di gabinetto, Orban ha affermato che la posizione \u00e8 stata progettata per correggere alcune debolezze\u201d.<\/p>\n<p>\u201cHo fin troppo da fare&#8230; Anch&#8217;io ho bisogno di giovani e di pi\u00f9 aiuto,\u201d ha detto il primo ministro.<\/p>\n<p><em>Foto: MTI<\/em><\/p>\n","protected":false},"excerpt":{"rendered":"<p>Budapest, 1 settembre (MTI) L&#8217;Ungheria ha iniziato venerd\u00ec mattina presto a costruire una recinzione temporanea al confine con la Croazia, ha detto il primo ministro Viktor Orban. Orban ha detto alla radio pubblica Kossuth che la recinzione dovrebbe essere lunga 41 chilometri e che la linea preliminare di difesa di \u201c\u201d sar\u00e0 completata venerd\u00ec. \u201cDobbiamo [&hellip;]<\/p>\n","protected":false},"author":2,"featured_media":729963,"comment_status":"open","ping_status":"open","sticky":false,"template":"","format":"standard","meta":{"_display_image":"","footnotes":""},"categories":[1185],"tags":[1291,1083],"class_list":["post-729962","post","type-post","status-publish","format-standard","has-post-thumbnail","hentry","category-politica-in-ungheria","tag-migrazione","tag-viktor-orban"],"blocksy_meta":[],"author_username":"alk","telegram_post":"","public_post_metadata":{"breaking_news":"","important":"","csempe":"","center_tile":"","disable_thumbnail":"","target_lang":"","_featured_image_style":"","telegram_post":"","_xlat_group_id":""},"public_rank_math_data":{"title":"%titolo% %sep% %nomesito%","description":"","focus_keyword":"","canonical_url":"","robots":"","primary_category":"1185","breadcrumb_title":"","facebook_title":"","facebook_description":"","facebook_image":"","facebook_image_id":"","twitter_title":"","twitter_description":"","twitter_image":"","twitter_image_id":"","twitter_card_type":"","twitter_use_facebook":"","advanced_robots":"","pillar_content":"","seo_score":"","contentai_score":"","rich_snippet":""},"_links":{"self":[{"href":"https:\/\/dailynewshungary.com\/it\/wp-json\/wp\/v2\/posts\/729962","targetHints":{"allow":["GET"]}}],"collection":[{"href":"https:\/\/dailynewshungary.com\/it\/wp-json\/wp\/v2\/posts"}],"about":[{"href":"https:\/\/dailynewshungary.com\/it\/wp-json\/wp\/v2\/types\/post"}],"author":[{"embeddable":true,"href":"https:\/\/dailynewshungary.com\/it\/wp-json\/wp\/v2\/users\/2"}],"replies":[{"embeddable":true,"href":"https:\/\/dailynewshungary.com\/it\/wp-json\/wp\/v2\/comments?post=729962"}],"version-history":[{"count":0,"href":"https:\/\/dailynewshungary.com\/it\/wp-json\/wp\/v2\/posts\/729962\/revisions"}],"wp:featuredmedia":[{"embeddable":true,"href":"https:\/\/dailynewshungary.com\/it\/wp-json\/wp\/v2\/media\/729963"}],"wp:attachment":[{"href":"https:\/\/dailynewshungary.com\/it\/wp-json\/wp\/v2\/media?parent=729962"}],"wp:term":[{"taxonomy":"category","embeddable":true,"href":"https:\/\/dailynewshungary.com\/it\/wp-json\/wp\/v2\/categories?post=729962"},{"taxonomy":"post_tag","embeddable":true,"href":"https:\/\/dailynewshungary.com\/it\/wp-json\/wp\/v2\/tags?post=729962"}],"curies":[{"name":"wp","href":"https:\/\/api.w.org\/{rel}","templated":true}]}}