{"id":729974,"date":"2015-09-17T21:00:23","date_gmt":"2015-09-17T19:00:23","guid":{"rendered":"https:\/\/dailynewshungary.com\/it\/fidesz-pressione-migratoria-ridotta-ma-problema-non-ancora-risolto\/"},"modified":"2015-09-17T21:00:23","modified_gmt":"2015-09-17T19:00:23","slug":"fidesz-pressione-migratoria-ridotta-ma-problema-non-ancora-risolto","status":"publish","type":"post","link":"https:\/\/dailynewshungary.com\/it\/fidesz-pressione-migratoria-ridotta-ma-problema-non-ancora-risolto\/","title":{"rendered":"Fidesz: pressione migratoria ridotta ma problema non ancora risolto"},"content":{"rendered":"<p><strong>Budapest, 7 settembre (MTI) 1 La pressione \u00e8 diminuita al confine ungherese-serbo ma il problema della migrazione di massa non \u00e8 stato ancora risolto; l&#8217;Unione Europea deve trovare una soluzione comune che non sia puramente basata sulle quote\u201d, ha detto gioved\u00ec il nuovo capogruppo dei democratici Fidesz-Christion al potere.<\/strong><\/p>\n<p>Lajos Kosa ha dichiarato in una conferenza stampa durante una riunione del gruppo a Velence, nell&#8217;Ungheria centrale, che la pressione sui confini meridionali dell&#8217;Ungheria \u00e8 stata enorme, ma le autorit\u00e0 e l&#8217;organizzazione civile hanno svolto i loro compiti in modo eccellente. L&#8217;azione della polizia \u00e8 stata proporzionata e la polizia spesso ha tollerato ancora di pi\u00f9 di quanto si sarebbe potuto ritenere ragionevole sulla base delle fotografie, ha aggiunto.<\/p>\n<p>Ha chiesto una soluzione europea comune e ha affermato che il sistema di quote proposto pone ulteriori domande invece di offrire una soluzione. Ad esempio, come i migranti distribuiti nell&#8217;ambito delle quote potrebbero essere mantenuti nel paese designato quando la maggioranza vuole andare in Germania, Danimarca o Svezia, ha detto.<\/p>\n<p>La protezione dei confini dell\u2019UE \u00e8 una priorit\u00e0 e se uno Stato membro non \u00e8 in grado di realizzarla, come non pu\u00f2 fare la Grecia, allora l\u2019UE deve aiutare, ha detto Kosa. La proposta sulle quote ignora anche il fatto che milioni di persone vogliono venire in Europa, molto pi\u00f9 della cifra pi\u00f9 alta menzionata tra le quote possibili.<\/p>\n","protected":false},"excerpt":{"rendered":"<p>Budapest, 7 settembre (MTI) 1 La pressione \u00e8 diminuita al confine ungherese-serbo ma il problema della migrazione di massa non \u00e8 stato ancora risolto; l&#8217;Unione Europea deve trovare una soluzione comune che non sia puramente basata sulle quote\u201d, ha detto gioved\u00ec il nuovo capogruppo dei democratici Fidesz-Christion al potere. Lajos Kosa ha dichiarato in una [&hellip;]<\/p>\n","protected":false},"author":2,"featured_media":729975,"comment_status":"open","ping_status":"open","sticky":false,"template":"","format":"standard","meta":{"_display_image":"","footnotes":""},"categories":[1185],"tags":[1078,1291],"class_list":["post-729974","post","type-post","status-publish","format-standard","has-post-thumbnail","hentry","category-politica-in-ungheria","tag-fidesz","tag-migrazione"],"blocksy_meta":[],"author_username":"alk","telegram_post":"","public_post_metadata":{"breaking_news":"","important":"","csempe":"","center_tile":"","disable_thumbnail":"","target_lang":"","_featured_image_style":"","telegram_post":"","_xlat_group_id":""},"public_rank_math_data":{"title":"%titolo% %sep% %nomesito%","description":"","focus_keyword":"","canonical_url":"","robots":"","primary_category":"1185","breadcrumb_title":"","facebook_title":"","facebook_description":"","facebook_image":"","facebook_image_id":"","twitter_title":"","twitter_description":"","twitter_image":"","twitter_image_id":"","twitter_card_type":"","twitter_use_facebook":"","advanced_robots":"","pillar_content":"","seo_score":"","contentai_score":"","rich_snippet":""},"_links":{"self":[{"href":"https:\/\/dailynewshungary.com\/it\/wp-json\/wp\/v2\/posts\/729974","targetHints":{"allow":["GET"]}}],"collection":[{"href":"https:\/\/dailynewshungary.com\/it\/wp-json\/wp\/v2\/posts"}],"about":[{"href":"https:\/\/dailynewshungary.com\/it\/wp-json\/wp\/v2\/types\/post"}],"author":[{"embeddable":true,"href":"https:\/\/dailynewshungary.com\/it\/wp-json\/wp\/v2\/users\/2"}],"replies":[{"embeddable":true,"href":"https:\/\/dailynewshungary.com\/it\/wp-json\/wp\/v2\/comments?post=729974"}],"version-history":[{"count":0,"href":"https:\/\/dailynewshungary.com\/it\/wp-json\/wp\/v2\/posts\/729974\/revisions"}],"wp:featuredmedia":[{"embeddable":true,"href":"https:\/\/dailynewshungary.com\/it\/wp-json\/wp\/v2\/media\/729975"}],"wp:attachment":[{"href":"https:\/\/dailynewshungary.com\/it\/wp-json\/wp\/v2\/media?parent=729974"}],"wp:term":[{"taxonomy":"category","embeddable":true,"href":"https:\/\/dailynewshungary.com\/it\/wp-json\/wp\/v2\/categories?post=729974"},{"taxonomy":"post_tag","embeddable":true,"href":"https:\/\/dailynewshungary.com\/it\/wp-json\/wp\/v2\/tags?post=729974"}],"curies":[{"name":"wp","href":"https:\/\/api.w.org\/{rel}","templated":true}]}}