{"id":729982,"date":"2015-09-17T20:00:07","date_gmt":"2015-09-17T18:00:07","guid":{"rendered":"https:\/\/dailynewshungary.com\/it\/governo-ungheria-pronta-a-discutere-le-quote-migranti\/"},"modified":"2015-09-17T20:00:07","modified_gmt":"2015-09-17T18:00:07","slug":"governo-ungheria-pronta-a-discutere-le-quote-migranti","status":"publish","type":"post","link":"https:\/\/dailynewshungary.com\/it\/governo-ungheria-pronta-a-discutere-le-quote-migranti\/","title":{"rendered":"Governo: Ungheria pronta a discutere le quote migranti"},"content":{"rendered":"<p><strong>Budapest, 7 settembre (MTI) 1 L&#8217;Ungheria in linea di principio si oppone alla proposta dell&#8217;Unione europea sulla distribuzione dei migranti in base alle quote ma \u00e8 disposta a discutere le modalit\u00e0 per aiutare i paesi pi\u00f9 colpiti, ha detto gioved\u00ec il capo dell&#8217;ufficio governativo Janos Lazar.<\/strong><\/p>\n<p>Lazar ha dichiarato in una conferenza stampa settimanale che dall&#8217;annuncio del 17 giugno di sigillare i confini del paese, l&#8217;Ungheria \u00e8 stato l&#8217;unico membro dell&#8217;UE che \u00e8 stato in grado di soddisfare l&#8217;accordo di Schengen Di conseguenza, non ci sono quasi persone che hanno bisogno di essere accudite nei campi profughi in Ungheria, ha aggiunto.<\/p>\n<p>Ora che i campi sono vuoti, l&#8217;Ungheria \u00e8 pronta per un dibattito su quali considerazioni debbano essere applicate nell&#8217;aiutare i paesi con molti rifugiati.<\/p>\n<p>Commentando le reazioni internazionali, ha detto che il cancelliere austriaco e i primi ministri rumeni hanno diretto un discorso di \u201codio\u201d verso gli ungheresi.<\/p>\n<p>Janos Lazar ha dichiarato in una conferenza stampa settimanale che gli scontri di mercoled\u00ec tra polizia e migranti hanno dimostrato la necessit\u00e0 di una recinzione di confine rafforzata da forze vive.<\/p>\n<p>\u201cTra tutte le blah-blah\u201d europee, questa \u00e8 stata una misura efficace, ha aggiunto.<\/p>\n<p>Secondo lui, l&#8217;ipotesi che l&#8217;attuale ondata migratoria sia stata uno sforzo organizzato \u00e8 degna di nota, considerando che i migranti vengono trasportati dal confine serbo-macedone a un breve tratto del confine tra l&#8217;Ungheria meridionale e la Serbia, e che gli organizzatori sono stati in grado di influenzare la direzione.<\/p>\n<p>Il ricorso alla violenza da parte della polizia non \u00e8 stato uno sviluppo positivo, anche se necessario e applicato in proporzione, ha detto Lazar.<\/p>\n<p>Lazar ha insistito sul fatto che l&#8217;Ungheria aveva chiesto assistenza all&#8217;Unione europea per far rispettare le normative Schengen, ma non \u00e8 stato aiutato Ha osservato che mentre la Commissione europea ha stanziato 500 milioni di euro ciascuno all&#8217;Italia e alla Grecia per gestire le questioni migratorie, all&#8217;Ungheria sono stati concessi 65 milioni di euro Finora, il paese ha speso un totale di 200 milioni di euro per le questioni legate ai migranti, ha detto.<\/p>\n<p>Ha dichiarato in una conferenza stampa settimanale che la proposta si applicher\u00e0 ai regolamenti sulle scadenze e sui documenti richiesti, e comporter\u00e0 modifiche alle procedure di licenza e revisione L&#8217;obiettivo \u00e8 che qualsiasi procedura ufficiale venga completata entro sessanta giorni.<\/p>\n<p>Le commissioni saranno ridotte di un totale di 10 miliardi di fiorini (32,2 milioni di euro), ha aggiunto.<\/p>\n<p>Lazar ha anche rivelato che il governo sta progettando di introdurre limiti salariali per i dirigenti delle aziende statali Ha detto che il governo sta cercando di fissare i limiti a 3, 4 e 5 milioni di fiorini, aggiungendo che sarebbero fissati settore per settore I dirigenti delle aziende che subiscono perdite non avrebbero diritto ai bonus, ha detto Lazar.<\/p>\n<p>Lazar ha detto che il piano si basava su una valutazione d&#8217;impatto effettuata dal capo dell&#8217;ufficio di audit statale, con l&#8217;obiettivo di eliminare gli stipendi nascosti Lazar ha detto che le esenzioni potrebbero ancora essere fatte in alcuni casi se gli esperti stranieri sono impiegati.<\/p>\n<p><em>Foto: MTI<\/em><\/p>\n","protected":false},"excerpt":{"rendered":"<p>Budapest, 7 settembre (MTI) 1 L&#8217;Ungheria in linea di principio si oppone alla proposta dell&#8217;Unione europea sulla distribuzione dei migranti in base alle quote ma \u00e8 disposta a discutere le modalit\u00e0 per aiutare i paesi pi\u00f9 colpiti, ha detto gioved\u00ec il capo dell&#8217;ufficio governativo Janos Lazar. Lazar ha dichiarato in una conferenza stampa settimanale che [&hellip;]<\/p>\n","protected":false},"author":2,"featured_media":729983,"comment_status":"open","ping_status":"open","sticky":false,"template":"","format":"standard","meta":{"_display_image":"","footnotes":""},"categories":[1185],"tags":[1291],"class_list":["post-729982","post","type-post","status-publish","format-standard","has-post-thumbnail","hentry","category-politica-in-ungheria","tag-migrazione"],"blocksy_meta":[],"author_username":"alk","telegram_post":"","public_post_metadata":{"breaking_news":"","important":"","csempe":"","center_tile":"","disable_thumbnail":"","target_lang":"","_featured_image_style":"","telegram_post":"","_xlat_group_id":""},"public_rank_math_data":{"title":"%titolo% %sep% %nomesito%","description":"","focus_keyword":"","canonical_url":"","robots":"","primary_category":"1185","breadcrumb_title":"","facebook_title":"","facebook_description":"","facebook_image":"","facebook_image_id":"","twitter_title":"","twitter_description":"","twitter_image":"","twitter_image_id":"","twitter_card_type":"","twitter_use_facebook":"","advanced_robots":"","pillar_content":"","seo_score":"","contentai_score":"","rich_snippet":""},"_links":{"self":[{"href":"https:\/\/dailynewshungary.com\/it\/wp-json\/wp\/v2\/posts\/729982","targetHints":{"allow":["GET"]}}],"collection":[{"href":"https:\/\/dailynewshungary.com\/it\/wp-json\/wp\/v2\/posts"}],"about":[{"href":"https:\/\/dailynewshungary.com\/it\/wp-json\/wp\/v2\/types\/post"}],"author":[{"embeddable":true,"href":"https:\/\/dailynewshungary.com\/it\/wp-json\/wp\/v2\/users\/2"}],"replies":[{"embeddable":true,"href":"https:\/\/dailynewshungary.com\/it\/wp-json\/wp\/v2\/comments?post=729982"}],"version-history":[{"count":0,"href":"https:\/\/dailynewshungary.com\/it\/wp-json\/wp\/v2\/posts\/729982\/revisions"}],"wp:featuredmedia":[{"embeddable":true,"href":"https:\/\/dailynewshungary.com\/it\/wp-json\/wp\/v2\/media\/729983"}],"wp:attachment":[{"href":"https:\/\/dailynewshungary.com\/it\/wp-json\/wp\/v2\/media?parent=729982"}],"wp:term":[{"taxonomy":"category","embeddable":true,"href":"https:\/\/dailynewshungary.com\/it\/wp-json\/wp\/v2\/categories?post=729982"},{"taxonomy":"post_tag","embeddable":true,"href":"https:\/\/dailynewshungary.com\/it\/wp-json\/wp\/v2\/tags?post=729982"}],"curies":[{"name":"wp","href":"https:\/\/api.w.org\/{rel}","templated":true}]}}