{"id":730019,"date":"2015-09-17T06:30:46","date_gmt":"2015-09-17T04:30:46","guid":{"rendered":"https:\/\/dailynewshungary.com\/it\/jobbik-vuole-referendum-sul-piano-delle-quote\/"},"modified":"2015-09-17T06:30:46","modified_gmt":"2015-09-17T04:30:46","slug":"jobbik-vuole-referendum-sul-piano-delle-quote","status":"publish","type":"post","link":"https:\/\/dailynewshungary.com\/it\/jobbik-vuole-referendum-sul-piano-delle-quote\/","title":{"rendered":"Jobbik vuole referendum sul piano delle quote"},"content":{"rendered":"<p><strong>\u201cSecondo Jobbik, la questione deve essere risolta immediatamente per evitare che decine di migliaia di persone vengano deportate in Ungheria o destinino una massa simile di individui al nostro Paese sulla base di un sistema di quote,\u201d ha sottolineato il vice capogruppo parlamentare del partito in la sua conferenza stampa tenutasi presso la recinzione di confine sopra le ferrovie a R\u00f6szke, nell&#8217;Hungar meridionale<\/strong>y.<\/p>\n<p>D\u00e1niel Z. K\u00e1rp\u00e1t ha affermato di aver invitato il governo ungherese a garantire immediatamente che l&#8217;Ungheria non riceva i migranti deportati da noi. Vuole anche che il governo garantisca che si rifiuter\u00e0 di accogliere anche i migranti basati su quote. Per garantire che questa misura non rimanga un mero programma \u201cpolitico\u201d ma venga attuata, Jobbik intende chiedere il parere della nazione ungherese. Quindi, se Fidesz non riesce a chiarire la propria posizione sulla questione delle deportazioni in Ungheria e dell&#8217;assegnazione dei migranti sulla base di un sistema di quote, Jobbik avvier\u00e0 un referendum vincolante in cui i cittadini potranno esprimere la loro opinione se vogliono accogliere o sistemare i migranti rimpatriati. Jobbik li incoragger\u00e0 a votare \u201c\u201d. Secondo il partito, il 90% della popolazione li sosterrebbe.<\/p>\n<p>In risposta alle domande dei media, ha detto che considerano il progetto di consultazione nazionale del governo su questo tema come un evento di PR e media, che costava un sacco di soldi che avrebbero potuto essere stanziati per uno scopo molto migliore Per citare alcuni scopi come quello, ha menzionato l&#8217;approvvigionamento per le esigenze di chi \u00e8 in servizio, la costruzione della recinzione di frontiera pi\u00f9 veloce o la garanzia della protezione fisica del confine.<\/p>\n<p><strong><em>Affermazione Jobbik<\/em><\/strong><\/p>\n<p><em>Foto: MTI<\/em><\/p>\n","protected":false},"excerpt":{"rendered":"<p>\u201cSecondo Jobbik, la questione deve essere risolta immediatamente per evitare che decine di migliaia di persone vengano deportate in Ungheria o destinino una massa simile di individui al nostro Paese sulla base di un sistema di quote,\u201d ha sottolineato il vice capogruppo parlamentare del partito in la sua conferenza stampa tenutasi presso la recinzione di [&hellip;]<\/p>\n","protected":false},"author":2,"featured_media":730020,"comment_status":"open","ping_status":"open","sticky":false,"template":"","format":"standard","meta":{"_display_image":"","footnotes":""},"categories":[1185],"tags":[1412,1291],"class_list":["post-730019","post","type-post","status-publish","format-standard","has-post-thumbnail","hentry","category-politica-in-ungheria","tag-jobbik","tag-migrazione"],"blocksy_meta":[],"author_username":"alk","telegram_post":"","public_post_metadata":{"breaking_news":"","important":"","csempe":"","center_tile":"","disable_thumbnail":"","target_lang":"","_featured_image_style":"","telegram_post":"","_xlat_group_id":""},"public_rank_math_data":{"title":"%titolo% %sep% %nomesito%","description":"","focus_keyword":"","canonical_url":"","robots":"","primary_category":"1185","breadcrumb_title":"","facebook_title":"","facebook_description":"","facebook_image":"","facebook_image_id":"","twitter_title":"","twitter_description":"","twitter_image":"","twitter_image_id":"","twitter_card_type":"","twitter_use_facebook":"","advanced_robots":"","pillar_content":"","seo_score":"","contentai_score":"","rich_snippet":""},"_links":{"self":[{"href":"https:\/\/dailynewshungary.com\/it\/wp-json\/wp\/v2\/posts\/730019","targetHints":{"allow":["GET"]}}],"collection":[{"href":"https:\/\/dailynewshungary.com\/it\/wp-json\/wp\/v2\/posts"}],"about":[{"href":"https:\/\/dailynewshungary.com\/it\/wp-json\/wp\/v2\/types\/post"}],"author":[{"embeddable":true,"href":"https:\/\/dailynewshungary.com\/it\/wp-json\/wp\/v2\/users\/2"}],"replies":[{"embeddable":true,"href":"https:\/\/dailynewshungary.com\/it\/wp-json\/wp\/v2\/comments?post=730019"}],"version-history":[{"count":0,"href":"https:\/\/dailynewshungary.com\/it\/wp-json\/wp\/v2\/posts\/730019\/revisions"}],"wp:featuredmedia":[{"embeddable":true,"href":"https:\/\/dailynewshungary.com\/it\/wp-json\/wp\/v2\/media\/730020"}],"wp:attachment":[{"href":"https:\/\/dailynewshungary.com\/it\/wp-json\/wp\/v2\/media?parent=730019"}],"wp:term":[{"taxonomy":"category","embeddable":true,"href":"https:\/\/dailynewshungary.com\/it\/wp-json\/wp\/v2\/categories?post=730019"},{"taxonomy":"post_tag","embeddable":true,"href":"https:\/\/dailynewshungary.com\/it\/wp-json\/wp\/v2\/tags?post=730019"}],"curies":[{"name":"wp","href":"https:\/\/api.w.org\/{rel}","templated":true}]}}