{"id":730023,"date":"2015-09-16T23:30:32","date_gmt":"2015-09-16T21:30:32","guid":{"rendered":"https:\/\/dailynewshungary.com\/it\/orban-lungheria-sta-progettando-di-istituire-una-recinzione-lungo-alcuni-tratti-del-confine-con-la-croazia\/"},"modified":"2015-09-16T23:30:32","modified_gmt":"2015-09-16T21:30:32","slug":"orban-lungheria-sta-progettando-di-istituire-una-recinzione-lungo-alcuni-tratti-del-confine-con-la-croazia","status":"publish","type":"post","link":"https:\/\/dailynewshungary.com\/it\/orban-lungheria-sta-progettando-di-istituire-una-recinzione-lungo-alcuni-tratti-del-confine-con-la-croazia\/","title":{"rendered":"Orban: L\u2019Ungheria sta progettando di istituire una recinzione lungo alcuni tratti del confine con la Croazia"},"content":{"rendered":"<p><strong>Vienna, 6 settembre (MTI) 1 Quote obbligatorie per distribuire i rifugiati sarebbero contrarie agli interessi fondamentali di tutti i membri dell&#8217;Unione europea, tuttavia, se l&#8217;UE trasformasse tale proposta in legge, l&#8217;Ungheria deve accettarla, ha detto il primo ministro Viktor Orban in un&#8217;intervista pubblicata online dall&#8217;austriaco Die Presse e dal tedesco Die Welt mercoled\u00ec.<\/strong><\/p>\n<p><strong>Articolo correlato:&nbsp;<\/strong><br \/>\n<span style=\"color: #0000ff;\"><a style=\"color: #0000ff;\" href=\"https:\/\/dailynewshungary.com\/it\/pro-e-contro-del-sistema-delle-quote\/\" target=\"_blank\">PRO E CONTRO DEL SISTEMA DELLE QUOTE<\/a><\/span><\/p>\n<p>Siamo pronti a discutere di quote, ma esclusivamente su base volontaria e solo quando l&#8217;afflusso di migranti sar\u00e0 finito, ha insistito Orban.<\/p>\n<p>Nella sua intervista, Orban ha anche affermato che l&#8217;Ungheria sta progettando di creare una recinzione lungo alcuni tratti del confine con la Croazia.<\/p>\n<p>Rispondendo a una domanda che suggerisce che tale costruzione richiede tempo, Orban ha espresso fiducia che l&#8217;\u201cUngheria abbia ora l&#8217;esperienza\u201d.<\/p>\n<p>Orban ha aggiunto, tuttavia, che il potere \u201creale non \u00e8 costituito da una recinzione e ha fatto riferimento alle nuove leggi ungheresi che introducono una punizione severa per l&#8217;attraversamento illegale della frontiera. \u201cAbbiamo inviato la polizia e i militari al confine. Ci\u00f2 dovrebbe chiarire che, sebbene i migranti abbiano la possibilit\u00e0 di richiedere asilo, devono osservare le nostre norme, ha affermato.<\/p>\n<p>Orban ha fatto riferimento alla Convenzione di Ginevra e ha affermato che i richiedenti asilo non hanno scelta tra i paesi. Hanno diritto alla protezione, ma che la protezione dovrebbe essere concessa dai paesi vicini e poi possono chiedere di trasferirsi in un paese terzo.<\/p>\n<p>Alla domanda se l&#8217;Ungheria avrebbe rimandato i rifugiati in paesi come la Siria colpita dalla guerra, Orban ha detto \u201cla comunit\u00e0 internazionale non pu\u00f2 mirare ad accettare e accogliere tutti i rifugiati; tutti i siriani che lasciano la Siria non possono essere una re\u201d oggettiva. \u201cDobbiamo compiere sforzi politici per rendere la Siria di nuovo un paese vivibile, ha detto\u201d.<\/p>\n<p>Rispondendo ad un&#8217;altra domanda, Orban ha affermato che l&#8217;Ungheria ha accolto 1.500 famiglie negli ultimi cinque anni, soprattutto dopo la Primavera Araba.<\/p>\n<p>\u201cI ha stretto un accordo con i cristiani copti nel 2012 Naturalmente siamo pronti a includere ulteriori rifugiati ma non \u00e8 il momento di discutere di quella\u201d, ha detto Orban. \u201cPer ora, si dovrebbe trovare un modo per fermare i migranti, per porre fine alla chaos\u201d ha aggiunto.<\/p>\n<p>Orban ha ripetuto la sua posizione secondo cui gli immigrati sono una minaccia per l&#8217;identit\u00e0 dell&#8217;Europa Ha sostenuto che gli sforzi dei governi occidentali per integrare le comunit\u00e0 musulmane sono falliti, e \u201cwe, ungheresi, non vogliamo societ\u00e0 parallele perch\u00e9 i cristiani, numericamente, sarebbero dalla parte dei perdenti; se permettiamo ai musulmani nel continente, presto supereranno in numero noi\u201d.<\/p>\n<p>\u201cI musulmani sono pi\u00f9 forti (dei cristiani); rispettano di pi\u00f9 la vita, la famiglia e i bambini, e hanno un rispetto pi\u00f9 elevato per l&#8217;unit\u00e0 culturale, ha detto\u201d. Gli immigrati musulmani in Europa cercano una vita migliore ma non cambierebbero il loro atteggiamento o cultura, un&#8217;\u201cillusione che molti europei comprerebbero\u201d, ha detto il primo ministro.<\/p>\n<p>Orban ha citato la cancelliera tedesca Angela Merkel che ha affermato che l&#8217;\u201cmulticulturalismo \u00e8 una dead\u201d e ha insistito sul fatto che \u201cabbiamo il diritto di non seguire gli altri su percorsi sconsiderati&#8230; desideriamo andare per la nostra strada millenaria.\u201d<\/p>\n<p><em>Foto: MTI<\/em><\/p>\n","protected":false},"excerpt":{"rendered":"<p>Vienna, 6 settembre (MTI) 1 Quote obbligatorie per distribuire i rifugiati sarebbero contrarie agli interessi fondamentali di tutti i membri dell&#8217;Unione europea, tuttavia, se l&#8217;UE trasformasse tale proposta in legge, l&#8217;Ungheria deve accettarla, ha detto il primo ministro Viktor Orban in un&#8217;intervista pubblicata online dall&#8217;austriaco Die Presse e dal tedesco Die Welt mercoled\u00ec. Articolo correlato:&nbsp; [&hellip;]<\/p>\n","protected":false},"author":2,"featured_media":730024,"comment_status":"open","ping_status":"open","sticky":false,"template":"","format":"standard","meta":{"_display_image":"","footnotes":""},"categories":[1185],"tags":[1137,1291,1083],"class_list":["post-730023","post","type-post","status-publish","format-standard","has-post-thumbnail","hentry","category-politica-in-ungheria","tag-austria","tag-migrazione","tag-viktor-orban"],"blocksy_meta":[],"author_username":"alk","telegram_post":"","public_post_metadata":{"breaking_news":"","important":"","csempe":"","center_tile":"","disable_thumbnail":"","target_lang":"","_featured_image_style":"","telegram_post":"","_xlat_group_id":""},"public_rank_math_data":{"title":"%titolo% %sep% %nomesito%","description":"","focus_keyword":"","canonical_url":"","robots":"","primary_category":"1185","breadcrumb_title":"","facebook_title":"","facebook_description":"","facebook_image":"","facebook_image_id":"","twitter_title":"","twitter_description":"","twitter_image":"","twitter_image_id":"","twitter_card_type":"","twitter_use_facebook":"","advanced_robots":"","pillar_content":"","seo_score":"","contentai_score":"","rich_snippet":""},"_links":{"self":[{"href":"https:\/\/dailynewshungary.com\/it\/wp-json\/wp\/v2\/posts\/730023","targetHints":{"allow":["GET"]}}],"collection":[{"href":"https:\/\/dailynewshungary.com\/it\/wp-json\/wp\/v2\/posts"}],"about":[{"href":"https:\/\/dailynewshungary.com\/it\/wp-json\/wp\/v2\/types\/post"}],"author":[{"embeddable":true,"href":"https:\/\/dailynewshungary.com\/it\/wp-json\/wp\/v2\/users\/2"}],"replies":[{"embeddable":true,"href":"https:\/\/dailynewshungary.com\/it\/wp-json\/wp\/v2\/comments?post=730023"}],"version-history":[{"count":0,"href":"https:\/\/dailynewshungary.com\/it\/wp-json\/wp\/v2\/posts\/730023\/revisions"}],"wp:featuredmedia":[{"embeddable":true,"href":"https:\/\/dailynewshungary.com\/it\/wp-json\/wp\/v2\/media\/730024"}],"wp:attachment":[{"href":"https:\/\/dailynewshungary.com\/it\/wp-json\/wp\/v2\/media?parent=730023"}],"wp:term":[{"taxonomy":"category","embeddable":true,"href":"https:\/\/dailynewshungary.com\/it\/wp-json\/wp\/v2\/categories?post=730023"},{"taxonomy":"post_tag","embeddable":true,"href":"https:\/\/dailynewshungary.com\/it\/wp-json\/wp\/v2\/tags?post=730023"}],"curies":[{"name":"wp","href":"https:\/\/api.w.org\/{rel}","templated":true}]}}