{"id":730057,"date":"2015-09-16T11:00:43","date_gmt":"2015-09-16T09:00:43","guid":{"rendered":"https:\/\/dailynewshungary.com\/it\/lunghe-linee-ai-valichi-di-frontiera-serbia-ungheria\/"},"modified":"2015-09-16T11:00:43","modified_gmt":"2015-09-16T09:00:43","slug":"lunghe-linee-ai-valichi-di-frontiera-serbia-ungheria","status":"publish","type":"post","link":"https:\/\/dailynewshungary.com\/it\/lunghe-linee-ai-valichi-di-frontiera-serbia-ungheria\/","title":{"rendered":"Lunghe linee ai valichi di frontiera Serbia-Ungheria"},"content":{"rendered":"<p><strong>Budapest, 6 settembre (MTI) 1 Mercoled\u00ec mattina si \u00e8 sviluppato un tailback di 4 km sul lato serbo al valico di frontiera Kelebia-Tompa (uno dei soli due valichi \u00e8 rimasto aperto durante la notte sotto sorveglianza della polizia).<\/strong><\/p>\n<p>L&#8217;associazione automobilistica serba ha detto che il traffico \u00e8 stato intenso anche al valico di Backi Breg-Hercegszanto ma il tempo di attesa non \u00e8 stato superiore a 20 minuti.<\/p>\n<p>Un corrispondente dell&#8217;MTI ha riferito da Kelebia che la linea di veicoli ha raggiunto beyong la zona di confine.<\/p>\n<p>Secondo quanto riportato dalla stampa, i migranti dalla parte serba non stavano ancora tentando di attraversare questi confini.<\/p>\n<p>I valichi di Gyala-Tiszasziget e Bajmok-Bacsalmas sono stati aperti alle 7 del mattino ma questi possono essere utilizzati solo da cittadini serbi, europei e svizzeri.<\/p>\n<p>L&#8217;associazione automobilistica serba ha dichiarato che i valichi di frontiera Horgos-Roszke e Kiralyhalom-Asotthalom saranno chiusi mercoled\u00ec.<\/p>\n<p><em>Foto: MTI<\/em><\/p>\n","protected":false},"excerpt":{"rendered":"<p>Budapest, 6 settembre (MTI) 1 Mercoled\u00ec mattina si \u00e8 sviluppato un tailback di 4 km sul lato serbo al valico di frontiera Kelebia-Tompa (uno dei soli due valichi \u00e8 rimasto aperto durante la notte sotto sorveglianza della polizia). L&#8217;associazione automobilistica serba ha detto che il traffico \u00e8 stato intenso anche al valico di Backi Breg-Hercegszanto [&hellip;]<\/p>\n","protected":false},"author":2,"featured_media":730058,"comment_status":"open","ping_status":"open","sticky":false,"template":"","format":"standard","meta":{"_display_image":"","footnotes":""},"categories":[1207],"tags":[1291,1317],"class_list":["post-730057","post","type-post","status-publish","format-standard","has-post-thumbnail","hentry","category-societa-in-ungheria","tag-migrazione","tag-serbia"],"blocksy_meta":[],"author_username":"alk","telegram_post":"","public_post_metadata":{"breaking_news":"","important":"","csempe":"","center_tile":"","disable_thumbnail":"","target_lang":"","_featured_image_style":"","telegram_post":"","_xlat_group_id":""},"public_rank_math_data":{"title":"%titolo% %sep% %nomesito%","description":"","focus_keyword":"","canonical_url":"","robots":"","primary_category":"1207","breadcrumb_title":"","facebook_title":"","facebook_description":"","facebook_image":"","facebook_image_id":"","twitter_title":"","twitter_description":"","twitter_image":"","twitter_image_id":"","twitter_card_type":"","twitter_use_facebook":"","advanced_robots":"","pillar_content":"","seo_score":"","contentai_score":"","rich_snippet":""},"_links":{"self":[{"href":"https:\/\/dailynewshungary.com\/it\/wp-json\/wp\/v2\/posts\/730057","targetHints":{"allow":["GET"]}}],"collection":[{"href":"https:\/\/dailynewshungary.com\/it\/wp-json\/wp\/v2\/posts"}],"about":[{"href":"https:\/\/dailynewshungary.com\/it\/wp-json\/wp\/v2\/types\/post"}],"author":[{"embeddable":true,"href":"https:\/\/dailynewshungary.com\/it\/wp-json\/wp\/v2\/users\/2"}],"replies":[{"embeddable":true,"href":"https:\/\/dailynewshungary.com\/it\/wp-json\/wp\/v2\/comments?post=730057"}],"version-history":[{"count":0,"href":"https:\/\/dailynewshungary.com\/it\/wp-json\/wp\/v2\/posts\/730057\/revisions"}],"wp:featuredmedia":[{"embeddable":true,"href":"https:\/\/dailynewshungary.com\/it\/wp-json\/wp\/v2\/media\/730058"}],"wp:attachment":[{"href":"https:\/\/dailynewshungary.com\/it\/wp-json\/wp\/v2\/media?parent=730057"}],"wp:term":[{"taxonomy":"category","embeddable":true,"href":"https:\/\/dailynewshungary.com\/it\/wp-json\/wp\/v2\/categories?post=730057"},{"taxonomy":"post_tag","embeddable":true,"href":"https:\/\/dailynewshungary.com\/it\/wp-json\/wp\/v2\/tags?post=730057"}],"curies":[{"name":"wp","href":"https:\/\/api.w.org\/{rel}","templated":true}]}}