{"id":730083,"date":"2015-09-15T16:40:41","date_gmt":"2015-09-15T14:40:41","guid":{"rendered":"https:\/\/dailynewshungary.com\/it\/lungheria-presenta-cultura-letteratura-alla-fiera-internazionale-del-libro-di-goteborg\/"},"modified":"2015-09-15T16:40:41","modified_gmt":"2015-09-15T14:40:41","slug":"lungheria-presenta-cultura-letteratura-alla-fiera-internazionale-del-libro-di-goteborg","status":"publish","type":"post","link":"https:\/\/dailynewshungary.com\/it\/lungheria-presenta-cultura-letteratura-alla-fiera-internazionale-del-libro-di-goteborg\/","title":{"rendered":"L\u2019Ungheria presenta cultura, letteratura alla fiera internazionale del libro di Goteborg"},"content":{"rendered":"<p><strong>Budapest, 15 settembre (MTI) L&#8217;Ungheria presenter\u00e0 la sua letteratura contemporanea, musica, storia, turismo e gastronomia come ospite d&#8217;onore della fiera internazionale del libro a Goteborg che si terr\u00e0 dal 24 al 27 settembre.<\/strong><\/p>\n<p>Lo stand ungherese presenter\u00e0 volumi letterari pubblicati negli ultimi anni da autori classici e contemporanei, nonch\u00e9 titoli pubblicati per la fiera in svedese, ha detto marted\u00ec ai giornalisti Judit Hammerstein, direttrice dell&#8217;Istituto Balassi di Budapest.<\/p>\n<p>Tra gli autori presenti figurano il premio Nobel Imre Kertesz, il premio Booker International Prize 2015 Laszlo Krasznahorkai, Peter Esterhazy e Daniel Varro tra i contemporanei, nonch\u00e9 gli autori classici Antal Szerb e Dezso Kosztolanyi, ha detto.<\/p>\n<p>Il design dello stand ungherese e diversi programmi tra cui proiezioni di film e concerti promuoveranno anche Budapest.<\/p>\n","protected":false},"excerpt":{"rendered":"<p>Budapest, 15 settembre (MTI) L&#8217;Ungheria presenter\u00e0 la sua letteratura contemporanea, musica, storia, turismo e gastronomia come ospite d&#8217;onore della fiera internazionale del libro a Goteborg che si terr\u00e0 dal 24 al 27 settembre. Lo stand ungherese presenter\u00e0 volumi letterari pubblicati negli ultimi anni da autori classici e contemporanei, nonch\u00e9 titoli pubblicati per la fiera in [&hellip;]<\/p>\n","protected":false},"author":2,"featured_media":730084,"comment_status":"open","ping_status":"open","sticky":false,"template":"","format":"standard","meta":{"_display_image":"","footnotes":""},"categories":[1304],"tags":[1104],"class_list":["post-730083","post","type-post","status-publish","format-standard","has-post-thumbnail","hentry","category-cultura-in-ungheria","tag-mostra"],"blocksy_meta":[],"author_username":"alk","telegram_post":"","public_post_metadata":{"breaking_news":"","important":"","csempe":"","center_tile":"","disable_thumbnail":"","target_lang":"","_featured_image_style":"","telegram_post":"","_xlat_group_id":""},"public_rank_math_data":{"title":"%titolo% %sep% %nomesito%","description":"","focus_keyword":"","canonical_url":"","robots":"","primary_category":"1304","breadcrumb_title":"","facebook_title":"","facebook_description":"","facebook_image":"","facebook_image_id":"","twitter_title":"","twitter_description":"","twitter_image":"","twitter_image_id":"","twitter_card_type":"","twitter_use_facebook":"","advanced_robots":"","pillar_content":"","seo_score":"","contentai_score":"","rich_snippet":""},"_links":{"self":[{"href":"https:\/\/dailynewshungary.com\/it\/wp-json\/wp\/v2\/posts\/730083","targetHints":{"allow":["GET"]}}],"collection":[{"href":"https:\/\/dailynewshungary.com\/it\/wp-json\/wp\/v2\/posts"}],"about":[{"href":"https:\/\/dailynewshungary.com\/it\/wp-json\/wp\/v2\/types\/post"}],"author":[{"embeddable":true,"href":"https:\/\/dailynewshungary.com\/it\/wp-json\/wp\/v2\/users\/2"}],"replies":[{"embeddable":true,"href":"https:\/\/dailynewshungary.com\/it\/wp-json\/wp\/v2\/comments?post=730083"}],"version-history":[{"count":0,"href":"https:\/\/dailynewshungary.com\/it\/wp-json\/wp\/v2\/posts\/730083\/revisions"}],"wp:featuredmedia":[{"embeddable":true,"href":"https:\/\/dailynewshungary.com\/it\/wp-json\/wp\/v2\/media\/730084"}],"wp:attachment":[{"href":"https:\/\/dailynewshungary.com\/it\/wp-json\/wp\/v2\/media?parent=730083"}],"wp:term":[{"taxonomy":"category","embeddable":true,"href":"https:\/\/dailynewshungary.com\/it\/wp-json\/wp\/v2\/categories?post=730083"},{"taxonomy":"post_tag","embeddable":true,"href":"https:\/\/dailynewshungary.com\/it\/wp-json\/wp\/v2\/tags?post=730083"}],"curies":[{"name":"wp","href":"https:\/\/api.w.org\/{rel}","templated":true}]}}