{"id":730111,"date":"2015-09-14T20:00:12","date_gmt":"2015-09-14T18:00:12","guid":{"rendered":"https:\/\/dailynewshungary.com\/it\/fidesz-la-protezione-delle-frontiere-fondamentale-per-la-liberta-di-movimento\/"},"modified":"2015-09-14T20:00:12","modified_gmt":"2015-09-14T18:00:12","slug":"fidesz-la-protezione-delle-frontiere-fondamentale-per-la-liberta-di-movimento","status":"publish","type":"post","link":"https:\/\/dailynewshungary.com\/it\/fidesz-la-protezione-delle-frontiere-fondamentale-per-la-liberta-di-movimento\/","title":{"rendered":"Fidesz: La protezione delle frontiere fondamentale per la libert\u00e0 di movimento\u00a0"},"content":{"rendered":"<p><strong>Budapest, 4 settembre (MTI) 1 La capacit\u00e0 dell&#8217;Europa di proteggere i propri confini sar\u00e0 determinata ai confini dell&#8217;Ungheria, ha detto luned\u00ec in conferenza stampa Antal Rogan, capogruppo del governo Fidesz.<\/strong><\/p>\n<p>Rogan ha detto che la decisione della Germania di introdurre controlli temporanei al suo confine con l&#8217;Austria \u00e8 la prova che l&#8217;accordo di Schengen che garantisce la libert\u00e0 di movimento, \u201cincluso quello di Hungarians\u201d, \u00e8 in pericolo se l&#8217;Europa \u00e8 incapace di proteggere i suoi confini Gli eventi dello scorso fine settimana hanno rivendicato il primo ministro Viktor Orban, ha detto Rogan.<\/p>\n<p>Il capogruppo ha affermato che sarebbe possibile gestire la crisi solo se l&#8217;Europa potesse decidere chi vuole accogliere e chi deve respingere, cosa che secondo lui dovrebbe essere decisa al di fuori dell&#8217;Europa\u201d.<\/p>\n<p>Rogan ha affermato che sempre pi\u00f9 politici europei ammettono che l&#8217;Europa non pu\u00f2 accogliere tutti, il che, ha affermato, potrebbe essere l&#8217;inizio dell&#8217;allentamento della pressione migratoria del continente.<\/p>\n<p>Ha detto che il parlamento ha approvato la maggior parte delle leggi necessarie per gestire la crisi ma \u00e8 ancora necessario schierare l&#8217;esercito al confine, L&#8217;esercito \u00e8 stato dato poteri speciali per proteggere i confini insieme alla polizia e al personale dell&#8217;ufficio immigrazione distaccato l\u00ec, ha aggiunto.<\/p>\n<p>Rogan ha detto di essere convinto che l&#8217;accordo di Dublino, nel suo stato attuale, abbia fallito il\u201d poich\u00e9 solo l&#8217;Ungheria continua a osservarlo Tutti gli accordi internazionali sulla migrazione devono essere ripensati, ha sostenuto.<\/p>\n<p>Rog\u00e1n ha chiesto ai partiti di opposizione di mettere da parte le loro dichiarazioni a sostegno delle politiche fallite di Bruxelles\u201d e di sostenere i progetti di legge relativi alla protezione delle frontiere e alla migrazione nella sessione del parlamento della prossima settimana. Rogan ha anche chiesto a tutti i leader europei responsabili\u201d di utilizzare tutte le risorse UE disponibili per proteggere i confini dove i controlli attuali sono ormai carenti.<\/p>\n<p>Interrogato sulle recenti critiche del cancelliere austriaco Werner Faymann al primo ministro, il capogruppo di Fidesz ha detto: \u201cIn tempi come quello attuale c&#8217;\u00e8 bisogno che le autorit\u00e0 ungheresi e austriache lavorino insieme.\u201d Ha detto che il cancelliere prima o poi dovr\u00e0 chiedere scusa.\u201d<\/p>\n<p><em>Foto: MTI<\/em><\/p>\n","protected":false},"excerpt":{"rendered":"<p>Budapest, 4 settembre (MTI) 1 La capacit\u00e0 dell&#8217;Europa di proteggere i propri confini sar\u00e0 determinata ai confini dell&#8217;Ungheria, ha detto luned\u00ec in conferenza stampa Antal Rogan, capogruppo del governo Fidesz. Rogan ha detto che la decisione della Germania di introdurre controlli temporanei al suo confine con l&#8217;Austria \u00e8 la prova che l&#8217;accordo di Schengen che [&hellip;]<\/p>\n","protected":false},"author":2,"featured_media":730112,"comment_status":"open","ping_status":"open","sticky":false,"template":"","format":"standard","meta":{"_display_image":"","footnotes":""},"categories":[1185],"tags":[1078,1291,1075],"class_list":["post-730111","post","type-post","status-publish","format-standard","has-post-thumbnail","hentry","category-politica-in-ungheria","tag-fidesz","tag-migrazione","tag-unione-europea"],"blocksy_meta":[],"author_username":"alk","telegram_post":"","public_post_metadata":{"breaking_news":"","important":"","csempe":"","center_tile":"","disable_thumbnail":"","target_lang":"","_featured_image_style":"","telegram_post":"","_xlat_group_id":""},"public_rank_math_data":{"title":"%titolo% %sep% %nomesito%","description":"","focus_keyword":"","canonical_url":"","robots":"","primary_category":"1185","breadcrumb_title":"","facebook_title":"","facebook_description":"","facebook_image":"","facebook_image_id":"","twitter_title":"","twitter_description":"","twitter_image":"","twitter_image_id":"","twitter_card_type":"","twitter_use_facebook":"","advanced_robots":"","pillar_content":"","seo_score":"","contentai_score":"","rich_snippet":""},"_links":{"self":[{"href":"https:\/\/dailynewshungary.com\/it\/wp-json\/wp\/v2\/posts\/730111","targetHints":{"allow":["GET"]}}],"collection":[{"href":"https:\/\/dailynewshungary.com\/it\/wp-json\/wp\/v2\/posts"}],"about":[{"href":"https:\/\/dailynewshungary.com\/it\/wp-json\/wp\/v2\/types\/post"}],"author":[{"embeddable":true,"href":"https:\/\/dailynewshungary.com\/it\/wp-json\/wp\/v2\/users\/2"}],"replies":[{"embeddable":true,"href":"https:\/\/dailynewshungary.com\/it\/wp-json\/wp\/v2\/comments?post=730111"}],"version-history":[{"count":0,"href":"https:\/\/dailynewshungary.com\/it\/wp-json\/wp\/v2\/posts\/730111\/revisions"}],"wp:featuredmedia":[{"embeddable":true,"href":"https:\/\/dailynewshungary.com\/it\/wp-json\/wp\/v2\/media\/730112"}],"wp:attachment":[{"href":"https:\/\/dailynewshungary.com\/it\/wp-json\/wp\/v2\/media?parent=730111"}],"wp:term":[{"taxonomy":"category","embeddable":true,"href":"https:\/\/dailynewshungary.com\/it\/wp-json\/wp\/v2\/categories?post=730111"},{"taxonomy":"post_tag","embeddable":true,"href":"https:\/\/dailynewshungary.com\/it\/wp-json\/wp\/v2\/tags?post=730111"}],"curies":[{"name":"wp","href":"https:\/\/api.w.org\/{rel}","templated":true}]}}