{"id":730129,"date":"2015-09-14T12:00:56","date_gmt":"2015-09-14T10:00:56","guid":{"rendered":"https:\/\/dailynewshungary.com\/it\/portavoce-del-governo-la-crisi-dei-migranti-minaccia-la-liberta-di-ritorno-dei-cittadini-dellue\/"},"modified":"2015-09-14T12:00:56","modified_gmt":"2015-09-14T10:00:56","slug":"portavoce-del-governo-la-crisi-dei-migranti-minaccia-la-liberta-di-ritorno-dei-cittadini-dellue","status":"publish","type":"post","link":"https:\/\/dailynewshungary.com\/it\/portavoce-del-governo-la-crisi-dei-migranti-minaccia-la-liberta-di-ritorno-dei-cittadini-dellue\/","title":{"rendered":"Portavoce del governo: La crisi dei migranti minaccia la libert\u00e0 di ritorno dei cittadini dell\u2019UE"},"content":{"rendered":"<p><strong>Budapest, 4 settembre (MTI) 1 Il fallimento dell&#8217;Unione europea nel rafforzare la protezione dei suoi confini potrebbe mettere in pericolo la libert\u00e0 dei suoi cittadini, ha detto luned\u00ec alla radio pubblica il portavoce del governo Zoltan Kovacs.<\/strong><\/p>\n<p>Kovacs ha affermato che i controlli alle frontiere devono essere ripristinati per aiutare a distinguere i rifugiati dai migranti economici.<\/p>\n<p>Rispondendo alle critiche rivolte alla polizia per il suo modo di gestire i migranti, Kovacs ha affermato che criticare i loro sforzi \u00e8 una revoca inaccettabile e impropria, insistendo sul fatto che la polizia ungherese ha combattuto un&#8217;eroica guerra negli ultimi nove mesi.<\/p>\n<p>Il portavoce del governo ha detto che \u00e8 diventato chiaro che il sistema Schengen non pu\u00f2 essere protetto dall&#8217;interno, e gli stati periferici \u201channo bisogno di tutto l&#8217;aiuto possibile per ottenere\u201d per proteggere i confini della zona Kovacs ha detto che la protezione delle frontiere piuttosto che la proposta della Commissione europea \u201cinutile e inapplicabile\u201d refugee quota system \u00e8 la \u201cgiusta forma di solidariet\u00e0\u201d.<\/p>\n<p>Ha detto che \u00e8 difficile prevedere cosa accadr\u00e0 una volta entrati in vigore i controlli pi\u00f9 severi alle frontiere dell&#8217;Ungheria, aggiungendo che sicuramente seguiranno \u201cpressure\u201d e \u201ctension\u201d, ma che la crisi potr\u00e0 essere gestita solo \u201c ripristinando l&#8217;ordine\u201d.<\/p>\n<p><em>Foto: MTI<\/em><\/p>\n","protected":false},"excerpt":{"rendered":"<p>Budapest, 4 settembre (MTI) 1 Il fallimento dell&#8217;Unione europea nel rafforzare la protezione dei suoi confini potrebbe mettere in pericolo la libert\u00e0 dei suoi cittadini, ha detto luned\u00ec alla radio pubblica il portavoce del governo Zoltan Kovacs. Kovacs ha affermato che i controlli alle frontiere devono essere ripristinati per aiutare a distinguere i rifugiati dai [&hellip;]<\/p>\n","protected":false},"author":2,"featured_media":730130,"comment_status":"open","ping_status":"open","sticky":false,"template":"","format":"standard","meta":{"_display_image":"","footnotes":""},"categories":[1185],"tags":[1291],"class_list":["post-730129","post","type-post","status-publish","format-standard","has-post-thumbnail","hentry","category-politica-in-ungheria","tag-migrazione"],"blocksy_meta":[],"author_username":"alk","telegram_post":"","public_post_metadata":{"breaking_news":"","important":"","csempe":"","center_tile":"","disable_thumbnail":"","target_lang":"","_featured_image_style":"","telegram_post":"","_xlat_group_id":""},"public_rank_math_data":{"title":"%titolo% %sep% %nomesito%","description":"","focus_keyword":"","canonical_url":"","robots":"","primary_category":"1185","breadcrumb_title":"","facebook_title":"","facebook_description":"","facebook_image":"","facebook_image_id":"","twitter_title":"","twitter_description":"","twitter_image":"","twitter_image_id":"","twitter_card_type":"","twitter_use_facebook":"","advanced_robots":"","pillar_content":"","seo_score":"","contentai_score":"","rich_snippet":""},"_links":{"self":[{"href":"https:\/\/dailynewshungary.com\/it\/wp-json\/wp\/v2\/posts\/730129","targetHints":{"allow":["GET"]}}],"collection":[{"href":"https:\/\/dailynewshungary.com\/it\/wp-json\/wp\/v2\/posts"}],"about":[{"href":"https:\/\/dailynewshungary.com\/it\/wp-json\/wp\/v2\/types\/post"}],"author":[{"embeddable":true,"href":"https:\/\/dailynewshungary.com\/it\/wp-json\/wp\/v2\/users\/2"}],"replies":[{"embeddable":true,"href":"https:\/\/dailynewshungary.com\/it\/wp-json\/wp\/v2\/comments?post=730129"}],"version-history":[{"count":0,"href":"https:\/\/dailynewshungary.com\/it\/wp-json\/wp\/v2\/posts\/730129\/revisions"}],"wp:featuredmedia":[{"embeddable":true,"href":"https:\/\/dailynewshungary.com\/it\/wp-json\/wp\/v2\/media\/730130"}],"wp:attachment":[{"href":"https:\/\/dailynewshungary.com\/it\/wp-json\/wp\/v2\/media?parent=730129"}],"wp:term":[{"taxonomy":"category","embeddable":true,"href":"https:\/\/dailynewshungary.com\/it\/wp-json\/wp\/v2\/categories?post=730129"},{"taxonomy":"post_tag","embeddable":true,"href":"https:\/\/dailynewshungary.com\/it\/wp-json\/wp\/v2\/tags?post=730129"}],"curies":[{"name":"wp","href":"https:\/\/api.w.org\/{rel}","templated":true}]}}