{"id":730237,"date":"2015-09-11T08:00:50","date_gmt":"2015-09-11T06:00:50","guid":{"rendered":"https:\/\/dailynewshungary.com\/it\/crisi-dellimmigrazione-dallattacco-terroristico-di-parigi-al-discorso-dello-stato-dellunione-del-presidente-della-ce-juncker\/"},"modified":"2015-09-11T08:00:50","modified_gmt":"2015-09-11T06:00:50","slug":"crisi-dellimmigrazione-dallattacco-terroristico-di-parigi-al-discorso-dello-stato-dellunione-del-presidente-della-ce-juncker","status":"publish","type":"post","link":"https:\/\/dailynewshungary.com\/it\/crisi-dellimmigrazione-dallattacco-terroristico-di-parigi-al-discorso-dello-stato-dellunione-del-presidente-della-ce-juncker\/","title":{"rendered":"Crisi dell\u2019immigrazione dall\u2019attacco terroristico di Parigi al discorso dello Stato dell\u2019Unione del presidente della CE Juncker"},"content":{"rendered":"<p><strong>Il partito di governo ungherese, Fidesz, \u00e8 convinto che nell&#8217;immigrazione si possa trovare una delle radici del terrorismo. \u201cL&#8217;Unione Europea \u00e8 incapace di proteggere i suoi Stati membri, e per questo motivo questi Stati, inclusa l&#8217;Ungheria, devono proteggersi, ha detto Antal Rog\u00e1n commentando l&#8217;attacco terroristico di Parigi, dove sono state uccise 16 persone, all&#8217;inizio di gennaio. In effetti, la retorica anti-immigrazione del governo ungherese sembra aver dato inizio o almeno intensificato il terribile massacro in Francia. Da allora, il premier ungherese e altri funzionari governativi sostengono che la politica di immigrazione deve essere trasformata in un\u2019ottica tutta Europa.<\/strong><\/p>\n<p><span style=\"font-weight: 400;\">Naturalmente, i partiti opposti sia in Ungheria che in Europa hanno accusato il primo ministro ungherese e il suo governo di essere antisemiti e xenofobi, ed hanno espresso il loro disaccordo sul punto di vista dell&#8217;Ungheria, poich\u00e9, secondo loro, il governo ungherese tratta chiunque attraversi illegalmente il confine verde in modo disumano. Inoltre, tali dichiarazioni che il portavoce Bence Tuzson ha comunicato attraverso i media ungheresi riguardo alle possibili conseguenze a lungo termine delle attuali crisi dei rifugiati, ovviamente, non fanno altro che alimentare questa antipatia. \u201cSe gli immigrati che arrivano in Europa sviluppano una sottocultura unica che degenera in una cultura deviante, ad esempio a causa della disoccupazione, le loro comunit\u00e0 si trasformeranno in focolai di criminalit\u00e0, ha detto Tuzson a gennaio.<\/span><\/p>\n<p><span style=\"font-weight: 400;\">L&#8217;istituzione di una recinzione sul confine serbo per bloccare la rotta migratoria ha anche incitato opinioni opposte contro il modo in cui il governo Orb\u00e1n tratta la crisi. erigendo la barriera, il governo ha rischiato di essere condannato per la sua disumanit\u00e0 e crudelt\u00e0. Tuttavia, il deputato di Fidesz Szil\u00e1rd N\u00e9meth ha dichiarato recentemente al canale di notizie pubbliche M1: \u201cCome paese Schengen, l&#8217;Ungheria protegge legalmente non solo i propri confini ma anche quelli dell&#8217;UE.\u201d, l&#8217;UE ha infatti un sistema legale che include l&#8217;accordo di Schengen e il regolamento di Dublino, entrambi rappresentano valori e convenzioni europei comuni. \u201cUngheria continuerebbe a rispettare le normative UE, comprese le regole di Schengen, ha affermato P\u00e9ter Szijj\u00e1rt\u00f3, aggiungendo che gli Stati membri sono responsabili della protezione dei confini dell&#8217;UE e dell&#8217;applicazione delle leggi sull&#8217;attraversamento degli stessi. Recentemente, Viktor Orb\u00e1n ha anche commentato le forti critiche che il suo governo ha ricevuto a seguito del dispiegamento di una polizia di frontiera al confine serbo, dicendo: (l&#8217;UE aveva il diritto di fare in modo di entrare in frontiere membri di Schengen, ma non ha l&#8217;Ungheria, ma deve garantire che tutte le frontiere esterne, ma deve mantenere l&#8217;obbligo di proteggere le frontiere esterne, ma l&#8217;Ungheria, senza l&#8217;Ungheria, senza l&#8217;obbligo di mantenere l&#8217;Ungheria, senza l&#8217;Ungheria, senza obbligo di proteggere le frontiere esterne.<\/span><\/p>\n<p><span style=\"font-weight: 400;\">Tuttavia, secondo Viktor Orb\u00e1n, coloro che vengono cacciati dovrebbero essere assistiti poich\u00e9 l&#8217;Ungheria \u00e8 un paese cristiano, che ha compassione nel suo cuore, ma gli immigrati economici devono essere respinti. Il problema \u00e8 che \u00e8 quasi impossibile trovare la netta differenza tra i due. A proposito degli eventi alla stazione ferroviaria Keleti di Budapest, ha detto: \u201cLe comunicazioni tedesche erano state alla radice del caos,\u201d poich\u00e9 i tedeschi avevano fatto un invito concedendo a ogni rifugiato siriano che attraversava il confine tedesco lo status immediato di rifugiato senza richiederlo, il che si \u00e8 rivelato una promessa \u201cfalsa.\u201d Una falsa promessa incomprensibile allo stesso tempo Sebbene il governo tedesco sapesse molto bene che l&#8217;Ungheria doveva registrare quegli immigrati che attraversano illegalmente il confine cos\u00ec come previsto dal regolamento di Dublino, invitava letteralmente i siriani. La situazione che ne \u00e8 emersa ha portato l&#8217;Ungheria e il suo popolo al centro delle critiche del mondo e ha fornito ai malfattori una grande possibilit\u00e0 di comunicare immagini false sull&#8217;Ungheria e sul modo in cui aveva cercato di affrontare il massiccio afflusso di immigrati.<\/span><\/p>\n<p><span style=\"font-weight: 400;\">Qualunque siano le posizioni dei partiti politici opposti, e se cerchino solo di sfruttare l\u2019attuale crisi per diminuire o meno la popolarit\u00e0 reciproca, i fatti sono fatti: il numero di richiedenti asilo che arrivano o passano attraverso l\u2019Ungheria \u00e8 aumentato di dieci volte negli ultimi anni. Sebbene ci siano voci che suggeriscono che solo una minoranza di queste persone sono rifugiati politici, questi dati parlano da soli, e nessuno di mentalit\u00e0 pura dovrebbe rifiutare che si tratti di un onere enorme per l\u2019Europa e che una risoluzione comune sarebbe inevitabile.<\/span><\/p>\n<p><span style=\"font-weight: 400;\">Sorge la domanda: come? questa \u00e8 la domanda che dovrebbe godere della massima priorit\u00e0, e ricevere risposta da strumenti diplomatici La possibile soluzione pu\u00f2 essere trovata nell&#8217;idea del presidente della CE Jean-Claude Juncker espressa nel suo discorso annuale sullo Stato dell&#8217;Unione pronunciato il 9 settembre a Strasburgo:\u201c\u00c8 ora di preparare un cambiamento pi\u00f9 fondamentale nel modo in cui trattiamo le domande di asilo (in particolare il sistema di Dublino richiede che le domande di asilo siano trattate dal primo paese di ingresso, ha affermato il premier. <\/span><\/p>\n<p><span style=\"font-weight: 400;\">Distribuire le persone bisognose, dice l&#8217;Occidente, mentre l&#8217;Ungheria considera il sistema di quote sui migranti avanzato dalla Commissione europea \u201cimprevedibile, non pianificabile e poco chiaro, ha detto J\u00e1nos L\u00e1z\u00e1r all&#8217;inizio di maggio Analogamente, secondo i paesi V4: Repubblica Ceca, Ungheria, Polonia, e Slovacchia la quota di rifugiati non pu\u00f2 essere trasposta nella vita reale Distribuire gli immigrati clandestini tra gli Stati membri dell&#8217;UE \u00e8 una soluzione di \u201cillusory\u201d, ha detto il primo ministro ungherese in una conferenza stampa a Bruxelles pochi giorni fa Secondo lui, questo modo di gestire le crisi sarebbe preso come un invito ai migranti a marciare verso l&#8217;Europa Ma cosa accadrebbe una volta che gli immigrati siano stati distribuiti e come sarebbe possibile mantenerli nel loro stato designato? invece, dice il premier, l&#8217;Europa dovrebbe concentrarsi sul ripristino del controllo alle sue frontiere esterne.<\/span><\/p>\n<p><span style=\"font-weight: 400;\">Sebbene il suo approccio contraddica quello dell&#8217;UE alla radice, sembra almeno soddisfare le richieste della popolazione ungherese, due terzi della quale sono favorevoli a limitare l&#8217;immigrazione, secondo una ricerca condotta a gennaio dal think tank Sz\u00e1zadv\u00e9g, e questa opinione collettiva \u00e8 ancora valida. Due terzi degli ungheresi vogliono che le regole sull&#8217;immigrazione del paese siano inasprite e la maggioranza ritiene che l&#8217;Unione europea non sia in grado di proteggere i cittadini europei da un attacco simile al massacro terroristico di Parigi.\u201d Se sui Balcani diventa chiaro che non vale la pena venire in Ungheria, i migranti eviteranno il paese, ha detto il primo ministro\u201d, suggerendo quale sarebbe l&#8217;obiettivo del suo governo a lungo termine.<\/span><\/p>\n<p><span style=\"font-weight: 400;\">Oltre a considerare l\u2019incapacit\u00e0 dei suoi cittadini di proteggere gli attacchi terroristici, c\u2019\u00e8 ancora una cosa per cui il governo ungherese (UE) e gli ungheresi che vivono nell\u2019attuale disagio economico (\u201c) sono fermamente contrari al sistema delle quote (\u201cNon siamo in grado di fornire posti di lavoro) per gli immigrati, ha affermato a maggio la\u201d Viktor Orb\u00e1n, indicando che i politici europei dovrebbero fare una chiara distinzione tra i rifugiati perseguitati in patria e quelli che arrivano in Europa sperando in un tenore di vita pi\u00f9 elevato.<\/span><\/p>\n<p><span style=\"font-weight: 400;\">Come risultato degli ultimi mesi, l&#8217;Ungheria \u00e8 stata indignata e criticata per la sua politica con ragione, ma ci sono altri importanti funzionari e politici dell&#8217;UE che sembrano essere d&#8217;accordo con il punto di vista del governo ungherese. Manfred We, il capogruppo del Partito popolare europeo d&#8217;Europa, il pi\u00f9 grande partito della Commissione europea, ad esempio, ritiene che l&#8217;Europa debba ammettere i richiedenti asilo che fuggono da una guerra civile e le cui vite sono in pericolo, ma non i migranti economici. Anche Francois Hollande, attuale presidente francese, ha condiviso l&#8217;opinione secondo cui la quota di rifugiati non pu\u00f2 essere trasposta nella vita reale, tuttavia, ha insistito sul fatto che: un certo grado di solidariet\u00e0 volontaria deve manifestarsi in relazione alla gestione di questa questione\u201d.<\/span><\/p>\n<p><span style=\"font-weight: 400;\">Jean-Cla Juncker ha utilizzato il suo discorso annuale sullo stato dell&#8217;Unione a Strasburgo per svelare un piano ambizioso per affrontare la crisi migratoria europea. Le proposte di Juncker vedrebbero 160.000 rifugiati ridistribuiti nell&#8217;ambito di un programma obbligatorio da Italia, Grecia, Ungheria e tutti gli altri Stati membri, escluse Gran Bretagna, Irlanda e Danimarca, che sono esenti dai trattati dell&#8217;UE. Secondo lui, in questa unione manca l\u2019Europa e in questa unione manca l\u2019unione, la recessione e questo deve essere risolto.<\/span><\/p>\n<p><span style=\"font-weight: 400;\">L\u2019emigrazione, per molto tempo, ha rappresentato per l\u2019Europa pi\u00f9 un problema che l\u2019immigrazione, ma dobbiamo renderci conto che non \u00e8 pi\u00f9 cos\u00ec, o almeno non nel prossimo futuro. \u00c8 innegabile che il rapido aumento del numero di immigrati che arrivano sulle coste europee richiede misure rapide sia a livello comunitario che nazionale se si vogliono preservare la civilt\u00e0 e i valori europei come li conosciamo. Indubbiamente, anche in Ungheria dovrebbero essere utilizzati strumenti diplomatici, in collegamento con l\u2019Unione Europea. \u201cNon esiste religione, nessuna convinzione, nessuna filosofia quando si tratta di rifugiati, ha affermato il presidente Juncker nel suo discorso sullo Stato dell\u2019Unione, indicando che tutti coloro che entrano sono i benvenuti in Europa. Non vediamo l\u2019ora di vivere in un continente dove ci sia ordine, pace e armonia tra le diverse etnie, ma ci\u00f2 pu\u00f2 essere raggiunto solo se le persone attualmente etichettate come rifugiati, richiedenti asilo o immigrati e i loro discendenti accettano che \u00e8 loro obbligo integrarsi nella societ\u00e0 europea, cosa che a volte anche noi locali troviamo difficile da sostenere.<\/span><\/p>\n<p><em><span style=\"font-weight: 400;\">scritto da G\u00e1bor Hajnal<\/span><\/em><\/p>\n<p><em>Foto: Balazs Beli<\/em><\/p>\n","protected":false},"excerpt":{"rendered":"<p>Il partito di governo ungherese, Fidesz, \u00e8 convinto che nell&#8217;immigrazione si possa trovare una delle radici del terrorismo. \u201cL&#8217;Unione Europea \u00e8 incapace di proteggere i suoi Stati membri, e per questo motivo questi Stati, inclusa l&#8217;Ungheria, devono proteggersi, ha detto Antal Rog\u00e1n commentando l&#8217;attacco terroristico di Parigi, dove sono state uccise 16 persone, all&#8217;inizio di [&hellip;]<\/p>\n","protected":false},"author":2,"featured_media":730238,"comment_status":"open","ping_status":"open","sticky":false,"template":"","format":"standard","meta":{"_display_image":"","footnotes":""},"categories":[1185],"tags":[1291],"class_list":["post-730237","post","type-post","status-publish","format-standard","has-post-thumbnail","hentry","category-politica-in-ungheria","tag-migrazione"],"blocksy_meta":[],"author_username":"alk","telegram_post":"","public_post_metadata":{"breaking_news":"","important":"","csempe":"","center_tile":"","disable_thumbnail":"","target_lang":"","_featured_image_style":"","telegram_post":"","_xlat_group_id":""},"public_rank_math_data":{"title":"%titolo% %sep% %nomesito%","description":"","focus_keyword":"","canonical_url":"","robots":"","primary_category":"1185","breadcrumb_title":"","facebook_title":"","facebook_description":"","facebook_image":"","facebook_image_id":"","twitter_title":"","twitter_description":"","twitter_image":"","twitter_image_id":"","twitter_card_type":"","twitter_use_facebook":"","advanced_robots":"","pillar_content":"","seo_score":"","contentai_score":"","rich_snippet":""},"_links":{"self":[{"href":"https:\/\/dailynewshungary.com\/it\/wp-json\/wp\/v2\/posts\/730237","targetHints":{"allow":["GET"]}}],"collection":[{"href":"https:\/\/dailynewshungary.com\/it\/wp-json\/wp\/v2\/posts"}],"about":[{"href":"https:\/\/dailynewshungary.com\/it\/wp-json\/wp\/v2\/types\/post"}],"author":[{"embeddable":true,"href":"https:\/\/dailynewshungary.com\/it\/wp-json\/wp\/v2\/users\/2"}],"replies":[{"embeddable":true,"href":"https:\/\/dailynewshungary.com\/it\/wp-json\/wp\/v2\/comments?post=730237"}],"version-history":[{"count":0,"href":"https:\/\/dailynewshungary.com\/it\/wp-json\/wp\/v2\/posts\/730237\/revisions"}],"wp:featuredmedia":[{"embeddable":true,"href":"https:\/\/dailynewshungary.com\/it\/wp-json\/wp\/v2\/media\/730238"}],"wp:attachment":[{"href":"https:\/\/dailynewshungary.com\/it\/wp-json\/wp\/v2\/media?parent=730237"}],"wp:term":[{"taxonomy":"category","embeddable":true,"href":"https:\/\/dailynewshungary.com\/it\/wp-json\/wp\/v2\/categories?post=730237"},{"taxonomy":"post_tag","embeddable":true,"href":"https:\/\/dailynewshungary.com\/it\/wp-json\/wp\/v2\/tags?post=730237"}],"curies":[{"name":"wp","href":"https:\/\/api.w.org\/{rel}","templated":true}]}}