{"id":730245,"date":"2015-09-10T20:20:19","date_gmt":"2015-09-10T18:20:19","guid":{"rendered":"https:\/\/dailynewshungary.com\/it\/governo-nuovo-punto-di-registrazione-da-aprire-in-ungheria-occidentale\/"},"modified":"2015-09-10T20:20:19","modified_gmt":"2015-09-10T18:20:19","slug":"governo-nuovo-punto-di-registrazione-da-aprire-in-ungheria-occidentale","status":"publish","type":"post","link":"https:\/\/dailynewshungary.com\/it\/governo-nuovo-punto-di-registrazione-da-aprire-in-ungheria-occidentale\/","title":{"rendered":"Governo: Nuovo punto di registrazione da aprire in Ungheria occidentale"},"content":{"rendered":"<p><strong>Budapest, 10 settembre (MTI) 1 Il ministero degli Interni aprir\u00e0 un nuovo punto di registrazione per i migranti illegali presso il sito della scuola secondaria di polizia a Kormend, nell&#8217;Ungheria occidentale, ha detto gioved\u00ec il capo dell&#8217;ufficio governativo in una regolare conferenza stampa del governo.<\/strong><\/p>\n<p>Un corrispondente di MTI ha visto allestire delle tende nel sito, Istvan Bebes, il sindaco di Kormend, ha confermato di essere stato informato dal ministero dei suoi piani per allestire un punto di registrazione temporaneo in grado di ospitare fino a 600 persone Il sindaco ha detto che a parte le tende, il punto di registrazione sar\u00e0 dotato di servizi igienici mobili e docce.<\/p>\n<p>Bebes ha detto che il ministero ha assicurato al governo locale di Kormend che il punto di registrazione funzioner\u00e0 solo per tutto il tempo necessario e il governo collaborer\u00e0 in modo sistematico con i residenti e garantir\u00e0 la loro sicurezza. Bebes ha detto di aver chiesto una sessione speciale del consiglio locale per informare i suoi membri sui piani del governo. Il sindaco ha espresso la speranza che il fatto che il punto di registrazione venga allestito sul territorio della polizia significhi che non disturber\u00e0 i residenti della citt\u00e0.<\/p>\n<p><em>Foto: MTI<\/em><\/p>\n","protected":false},"excerpt":{"rendered":"<p>Budapest, 10 settembre (MTI) 1 Il ministero degli Interni aprir\u00e0 un nuovo punto di registrazione per i migranti illegali presso il sito della scuola secondaria di polizia a Kormend, nell&#8217;Ungheria occidentale, ha detto gioved\u00ec il capo dell&#8217;ufficio governativo in una regolare conferenza stampa del governo. Un corrispondente di MTI ha visto allestire delle tende nel [&hellip;]<\/p>\n","protected":false},"author":2,"featured_media":730246,"comment_status":"open","ping_status":"open","sticky":false,"template":"","format":"standard","meta":{"_display_image":"","footnotes":""},"categories":[1185],"tags":[1291],"class_list":["post-730245","post","type-post","status-publish","format-standard","has-post-thumbnail","hentry","category-politica-in-ungheria","tag-migrazione"],"blocksy_meta":[],"author_username":"alk","telegram_post":"","public_post_metadata":{"breaking_news":"","important":"","csempe":"","center_tile":"","disable_thumbnail":"","target_lang":"","_featured_image_style":"","telegram_post":"","_xlat_group_id":""},"public_rank_math_data":{"title":"%titolo% %sep% %nomesito%","description":"","focus_keyword":"","canonical_url":"","robots":"","primary_category":"1185","breadcrumb_title":"","facebook_title":"","facebook_description":"","facebook_image":"","facebook_image_id":"","twitter_title":"","twitter_description":"","twitter_image":"","twitter_image_id":"","twitter_card_type":"","twitter_use_facebook":"","advanced_robots":"","pillar_content":"","seo_score":"","contentai_score":"","rich_snippet":""},"_links":{"self":[{"href":"https:\/\/dailynewshungary.com\/it\/wp-json\/wp\/v2\/posts\/730245","targetHints":{"allow":["GET"]}}],"collection":[{"href":"https:\/\/dailynewshungary.com\/it\/wp-json\/wp\/v2\/posts"}],"about":[{"href":"https:\/\/dailynewshungary.com\/it\/wp-json\/wp\/v2\/types\/post"}],"author":[{"embeddable":true,"href":"https:\/\/dailynewshungary.com\/it\/wp-json\/wp\/v2\/users\/2"}],"replies":[{"embeddable":true,"href":"https:\/\/dailynewshungary.com\/it\/wp-json\/wp\/v2\/comments?post=730245"}],"version-history":[{"count":0,"href":"https:\/\/dailynewshungary.com\/it\/wp-json\/wp\/v2\/posts\/730245\/revisions"}],"wp:featuredmedia":[{"embeddable":true,"href":"https:\/\/dailynewshungary.com\/it\/wp-json\/wp\/v2\/media\/730246"}],"wp:attachment":[{"href":"https:\/\/dailynewshungary.com\/it\/wp-json\/wp\/v2\/media?parent=730245"}],"wp:term":[{"taxonomy":"category","embeddable":true,"href":"https:\/\/dailynewshungary.com\/it\/wp-json\/wp\/v2\/categories?post=730245"},{"taxonomy":"post_tag","embeddable":true,"href":"https:\/\/dailynewshungary.com\/it\/wp-json\/wp\/v2\/tags?post=730245"}],"curies":[{"name":"wp","href":"https:\/\/api.w.org\/{rel}","templated":true}]}}