{"id":730253,"date":"2015-09-10T19:43:09","date_gmt":"2015-09-10T17:43:09","guid":{"rendered":"https:\/\/dailynewshungary.com\/it\/governo-ungherese-per-discutere-di-dichiarare-lo-stato-di-crisi-la-prossima-settimana\/"},"modified":"2015-09-10T19:43:09","modified_gmt":"2015-09-10T17:43:09","slug":"governo-ungherese-per-discutere-di-dichiarare-lo-stato-di-crisi-la-prossima-settimana","status":"publish","type":"post","link":"https:\/\/dailynewshungary.com\/it\/governo-ungherese-per-discutere-di-dichiarare-lo-stato-di-crisi-la-prossima-settimana\/","title":{"rendered":"Governo ungherese per discutere di dichiarare lo stato di crisi la prossima settimana"},"content":{"rendered":"<p><strong>Budapest, 10 settembre (MTI) 1 Il ministero degli interni ha proposto che il governo dichiari lo stato di crisi alla luce del massiccio afflusso di migranti, che sar\u00e0 discusso nella riunione di gabinetto di marted\u00ec prossimo, ha detto il capo dell&#8217;ufficio governativo Janos Lazar.<\/strong><\/p>\n<p>Ha detto che nelle prossime due settimane il governo amplier\u00e0 le capacit\u00e0 dei centri di accoglienza e il primo ministro Viktor Orban ha ordinato al ministro degli Interni di formulare raccomandazioni per la creazione di almeno altri due o tre centri nel paese.<\/p>\n<p>Finora quest&#8217;anno sono arrivati in Ungheria 176.000 immigrati illegali, ha detto Lazar. I risultati del gabinetto di sicurezza nazionale indicano che la criminalit\u00e0 organizzata e la minaccia del terrorismo sono in aumento in Ungheria, ha aggiunto.<\/p>\n<p>\u201cAs di zero ore il 15 settembre. verr\u00e0 dichiarato che chiunque scelga l&#8217;Ungheria come destinazione target deve rispettare le leggi ed entrare nei punti di ingresso ufficiali, ha detto\u201d Lazar, aggiungendo che ci saranno opportunit\u00e0 per presentare richieste di asilo alla frontiera e chiunque cos\u00ec facendo potr\u00e0 ricevere protezione legale e disposizioni fino a quando la loro richiesta non sar\u00e0 elaborata entro 12-14 giorni.<\/p>\n<p>Lazar ha detto che contrariamente ai piani precedenti non ci sarebbero zone di tranzit aperte verso la Serbia, poich\u00e9 \u201cquesto non avrebbe senso\u201d Ci saranno due tipi di persone alla frontiera: coloro che presentano richieste di asilo e coloro che non lo fanno Il primo gruppo sar\u00e0 trasportato nei centri di accoglienza ma avr\u00e0 la libert\u00e0 di muoversi all&#8217;interno del paese Gli altri rimarranno al confine o in Serbia Il sostegno a quest&#8217;ultimo gruppo sar\u00e0 responsabilit\u00e0 condivisa di Serbia e Ungheria, e organizzazioni civili come la Carit\u00e0 maltese ungherese, l&#8217;Aiuto ecumenico ungherese e la Croce Rossa ungherese, saranno chiamati ad aiutare, ha detto.<\/p>\n<p>Lazar ha detto che la recinzione al confine con la Serbia viene costruita a un ritmo accelerato e la sua data di completamento potrebbe essere appena un mese prima della scadenza originaria del 31 ottobre. Nell&#8217;ultimo periodo sono stati costruiti circa 10 chilometri di recinzione al giorno, Egli ha detto.<\/p>\n<p>In risposta ad una domanda, Lazar ha affermato che il termine ultimo per completare la costruzione della recinzione di confine alla stazione di confine di Roszke, compresi i binari della ferrovia, \u00e8 il 15 settembre.<\/p>\n<p>Entro la fine di settembre il governo prevede di avere l\u2019autorit\u00e0 di affidare compiti aggiuntivi all\u2019esercito in relazione alla gestione della migrazione di massa.<\/p>\n<p>Ha respinto le critiche secondo cui il governo ungherese non stava fornendo sostegno ai migranti Ha detto che invece di portare loro rifornimenti, il governo sta trasportando i migranti ai punti di assistenza.<\/p>\n<p>Lazar ha detto che le osservazioni del cancelliere austriaco Werner Faymann sul governo ungherese e su Orban erano una vera e propria tratta, ma Orban era pronto a sedersi per i colloqui con il cancelliere.<\/p>\n<p>Ha affermato che le critiche internazionali sulle politiche migratorie dell&#8217;Ungheria sono semplicemente un tentativo di costringere l&#8217;Ungheria ad accettare il sistema delle quote e a costruire un grande campo profughi sul suo territorio.<\/p>\n<p>L&#8217;Ungheria non esclude una discussione ragionevole sul piano delle quote, ma occorre prima trovare un accordo sulle questioni di base Uno di questi \u00e8 che si dovrebbe dare priorit\u00e0 alla protezione dei confini dell&#8217;Europa.<\/p>\n<p>L&#8217;Ungheria tuttavia respinge categoricamente il piano di allestire i cosiddetti punti caldi, o campi profughi controllati dalla Commissione Europea, sul territorio ungherese. Non esiste n\u00e9 una possibilit\u00e0 n\u00e9 un&#8217;opportunit\u00e0 per costruire un campo del genere, che possa ospitare fino a 100.000 persone, ha detto.<\/p>\n<p><em>Foto: MTI<\/em><\/p>\n","protected":false},"excerpt":{"rendered":"<p>Budapest, 10 settembre (MTI) 1 Il ministero degli interni ha proposto che il governo dichiari lo stato di crisi alla luce del massiccio afflusso di migranti, che sar\u00e0 discusso nella riunione di gabinetto di marted\u00ec prossimo, ha detto il capo dell&#8217;ufficio governativo Janos Lazar. Ha detto che nelle prossime due settimane il governo amplier\u00e0 le [&hellip;]<\/p>\n","protected":false},"author":2,"featured_media":730254,"comment_status":"open","ping_status":"open","sticky":false,"template":"","format":"standard","meta":{"_display_image":"","footnotes":""},"categories":[1185],"tags":[1291],"class_list":["post-730253","post","type-post","status-publish","format-standard","has-post-thumbnail","hentry","category-politica-in-ungheria","tag-migrazione"],"blocksy_meta":[],"author_username":"alk","telegram_post":"","public_post_metadata":{"breaking_news":"","important":"","csempe":"","center_tile":"","disable_thumbnail":"","target_lang":"","_featured_image_style":"","telegram_post":"","_xlat_group_id":""},"public_rank_math_data":{"title":"%titolo% %sep% %nomesito%","description":"","focus_keyword":"","canonical_url":"","robots":"","primary_category":"1185","breadcrumb_title":"","facebook_title":"","facebook_description":"","facebook_image":"","facebook_image_id":"","twitter_title":"","twitter_description":"","twitter_image":"","twitter_image_id":"","twitter_card_type":"","twitter_use_facebook":"","advanced_robots":"","pillar_content":"","seo_score":"","contentai_score":"","rich_snippet":""},"_links":{"self":[{"href":"https:\/\/dailynewshungary.com\/it\/wp-json\/wp\/v2\/posts\/730253","targetHints":{"allow":["GET"]}}],"collection":[{"href":"https:\/\/dailynewshungary.com\/it\/wp-json\/wp\/v2\/posts"}],"about":[{"href":"https:\/\/dailynewshungary.com\/it\/wp-json\/wp\/v2\/types\/post"}],"author":[{"embeddable":true,"href":"https:\/\/dailynewshungary.com\/it\/wp-json\/wp\/v2\/users\/2"}],"replies":[{"embeddable":true,"href":"https:\/\/dailynewshungary.com\/it\/wp-json\/wp\/v2\/comments?post=730253"}],"version-history":[{"count":0,"href":"https:\/\/dailynewshungary.com\/it\/wp-json\/wp\/v2\/posts\/730253\/revisions"}],"wp:featuredmedia":[{"embeddable":true,"href":"https:\/\/dailynewshungary.com\/it\/wp-json\/wp\/v2\/media\/730254"}],"wp:attachment":[{"href":"https:\/\/dailynewshungary.com\/it\/wp-json\/wp\/v2\/media?parent=730253"}],"wp:term":[{"taxonomy":"category","embeddable":true,"href":"https:\/\/dailynewshungary.com\/it\/wp-json\/wp\/v2\/categories?post=730253"},{"taxonomy":"post_tag","embeddable":true,"href":"https:\/\/dailynewshungary.com\/it\/wp-json\/wp\/v2\/tags?post=730253"}],"curies":[{"name":"wp","href":"https:\/\/api.w.org\/{rel}","templated":true}]}}