{"id":730265,"date":"2015-09-10T14:00:14","date_gmt":"2015-09-10T12:00:14","guid":{"rendered":"https:\/\/dailynewshungary.com\/it\/leuropa-sta-scrivendo-la-propria-condanna-a-morte-afferma-lesperto-ungherese-di-politica-di-sicurezza\/"},"modified":"2015-09-10T14:00:14","modified_gmt":"2015-09-10T12:00:14","slug":"leuropa-sta-scrivendo-la-propria-condanna-a-morte-afferma-lesperto-ungherese-di-politica-di-sicurezza","status":"publish","type":"post","link":"https:\/\/dailynewshungary.com\/it\/leuropa-sta-scrivendo-la-propria-condanna-a-morte-afferma-lesperto-ungherese-di-politica-di-sicurezza\/","title":{"rendered":"L\u2019Europa sta scrivendo la propria condanna a morte, afferma l\u2019esperto ungherese di politica di sicurezza"},"content":{"rendered":"<p><strong>La maggior parte degli immigrati non vuole tornare indietro, non dir\u00e0 da dove vengono, si nasconde, quindi in teoria potrebbero essere deportati, ma \u00e8 pi\u00f9 facile a dirsi che a farsi. In Germania \u00e8 sotto la giurisdizione delle province, e semplicemente non sono in grado di farlo, ha dichiarato l&#8217;esperto di politica di sicurezza Gy\u00f6rgy N\u00f3gr\u00e1di nei 180 minuti di Kossuth Radio, scrive Hirado.hu.<\/strong><\/p>\n<p>La maggior parte degli immigrati entra nell&#8217;Unione Europea in Grecia dove non esiste un sistema di registrazione ufficiale La Grecia dice che hanno cos\u00ec tanti problemi con la loro economia in questo momento che \u00e8 impossibile registrare tutti coloro che entrano nel paese.<\/p>\n<p>Non c&#8217;\u00e8 un piano concreto su come mettere tutto in ordine In sarebbe leggermente pi\u00f9 facile farlo in Libia, ma in Siria le opinioni russe, iraniane, sciite e sunnite differiscono in gran parte E funziona contro l&#8217;Europa (dice).<\/p>\n<p>L&#8217;opinione di N\u00f3gr\u00e1di sulle dichiarazioni autocontraddittorie di Angela Merkel \u00e8 che il politico fa parte di una grande coalizione, ed \u00e8 attento a mantenere alto il 40-42% della CDU\/CSU, e cerca di tenere i socialdemocratici sotto il 23-24% Inoltre, i tedeschi sono ancora sotto l&#8217;influenza della Seconda Guerra Mondiale Terza, Merkel non vuole confrontarsi con diversi paesi europei I punti di vista di Francia e Germania differiscono assolutamente, e la Gran Bretagna ha accolto solo alcuni immigrati perch\u00e9 era necessario.<\/p>\n<p>Riguardo all&#8217;annuncio della Merkel, che la Germania \u00e8 pronta a dare 3 miliardi di euro alla crisi degli immigrati, (che ora ammontano a 10 miliardi di euro) N\u00f3gr\u00e1di ha detto che anche il sistema economico tedesco non sar\u00e0 in grado di sostenere una spesa cos\u00ec grande nel lungo periodo. \u00c8 d&#8217;accordo anche con il primo ministro Viktor Orb\u00e1n che ha affermato che sarebbe meglio spendere questi soldi in aree sottosviluppate.<\/p>\n<p>Secondo un recente sondaggio, il 94% dei cechi non vuole avere immigrati Questo \u00e8 un problema comune \u00e8 l&#8217;Europa, perch\u00e9 l&#8217;integrazione degli immigrati non \u00e8 ancora avvenuta nel continente Entrambe le parti, i residenti e gli immigrati diventano radicali davvero velocemente.<\/p>\n<p>Nessuno osa riferire che in Svezia ci sono zone alle quali gli svedesi non osano avvicinarsi, perch\u00e9 gli immigrati hanno fatto un tale pasticcio.<\/p>\n<p>Non sono i libici che vengono dalla Libia, ma gli afroamericani. I pakistani dicono di essere perseguitati a causa della loro religione, ma il 99% del paese \u00e8 musulmano. Quelli sono tipici migranti economici. Se l&#8217;Europa accoglie questa enorme quantit\u00e0 di persone, allora scrive la propria frase di morte. Non c&#8217;\u00e8 bisogno di questo, e non significa che siamo anti-islamici. Ma l\u2019Europa ha sostenuto N\u00f3gr\u00e1di per difendere la propria identit\u00e0.<\/p>\n<p><em>tradotto da Adrienn Sain<\/em><\/p>\n<p><em>Foto: Balazs Beli, Facebook<\/em><\/p>\n","protected":false},"excerpt":{"rendered":"<p>La maggior parte degli immigrati non vuole tornare indietro, non dir\u00e0 da dove vengono, si nasconde, quindi in teoria potrebbero essere deportati, ma \u00e8 pi\u00f9 facile a dirsi che a farsi. In Germania \u00e8 sotto la giurisdizione delle province, e semplicemente non sono in grado di farlo, ha dichiarato l&#8217;esperto di politica di sicurezza Gy\u00f6rgy [&hellip;]<\/p>\n","protected":false},"author":2,"featured_media":730266,"comment_status":"open","ping_status":"open","sticky":false,"template":"","format":"standard","meta":{"_display_image":"","footnotes":""},"categories":[1185],"tags":[1291],"class_list":["post-730265","post","type-post","status-publish","format-standard","has-post-thumbnail","hentry","category-politica-in-ungheria","tag-migrazione"],"blocksy_meta":[],"author_username":"alk","telegram_post":"","public_post_metadata":{"breaking_news":"","important":"","csempe":"","center_tile":"","disable_thumbnail":"","target_lang":"","_featured_image_style":"","telegram_post":"","_xlat_group_id":""},"public_rank_math_data":{"title":"%titolo% %sep% %nomesito%","description":"","focus_keyword":"","canonical_url":"","robots":"","primary_category":"1185","breadcrumb_title":"","facebook_title":"","facebook_description":"","facebook_image":"","facebook_image_id":"","twitter_title":"","twitter_description":"","twitter_image":"","twitter_image_id":"","twitter_card_type":"","twitter_use_facebook":"","advanced_robots":"","pillar_content":"","seo_score":"","contentai_score":"","rich_snippet":""},"_links":{"self":[{"href":"https:\/\/dailynewshungary.com\/it\/wp-json\/wp\/v2\/posts\/730265","targetHints":{"allow":["GET"]}}],"collection":[{"href":"https:\/\/dailynewshungary.com\/it\/wp-json\/wp\/v2\/posts"}],"about":[{"href":"https:\/\/dailynewshungary.com\/it\/wp-json\/wp\/v2\/types\/post"}],"author":[{"embeddable":true,"href":"https:\/\/dailynewshungary.com\/it\/wp-json\/wp\/v2\/users\/2"}],"replies":[{"embeddable":true,"href":"https:\/\/dailynewshungary.com\/it\/wp-json\/wp\/v2\/comments?post=730265"}],"version-history":[{"count":0,"href":"https:\/\/dailynewshungary.com\/it\/wp-json\/wp\/v2\/posts\/730265\/revisions"}],"wp:featuredmedia":[{"embeddable":true,"href":"https:\/\/dailynewshungary.com\/it\/wp-json\/wp\/v2\/media\/730266"}],"wp:attachment":[{"href":"https:\/\/dailynewshungary.com\/it\/wp-json\/wp\/v2\/media?parent=730265"}],"wp:term":[{"taxonomy":"category","embeddable":true,"href":"https:\/\/dailynewshungary.com\/it\/wp-json\/wp\/v2\/categories?post=730265"},{"taxonomy":"post_tag","embeddable":true,"href":"https:\/\/dailynewshungary.com\/it\/wp-json\/wp\/v2\/tags?post=730265"}],"curies":[{"name":"wp","href":"https:\/\/api.w.org\/{rel}","templated":true}]}}