{"id":730311,"date":"2015-09-09T13:30:37","date_gmt":"2015-09-09T11:30:37","guid":{"rendered":"https:\/\/dailynewshungary.com\/it\/il-ministro-okays-cede-i-dipartimenti-di-corvinus-alluniversita-di-godollo\/"},"modified":"2015-09-09T13:30:37","modified_gmt":"2015-09-09T11:30:37","slug":"il-ministro-okays-cede-i-dipartimenti-di-corvinus-alluniversita-di-godollo","status":"publish","type":"post","link":"https:\/\/dailynewshungary.com\/it\/il-ministro-okays-cede-i-dipartimenti-di-corvinus-alluniversita-di-godollo\/","title":{"rendered":"Il ministro Okays cede i dipartimenti di Corvinus all\u2019universit\u00e0 di Godollo"},"content":{"rendered":"<p><strong>Budapest, 9 settembre (MTI) 9 Il ministro delle risorse umane ha approvato la decisione finale di trasferire tre dipartimenti dell&#8217;Universit\u00e0 Corvinus di Budapest all&#8217;Universit\u00e0 Szent Istvan di Godollo, una citt\u00e0 vicino a Budapest.<\/strong><\/p>\n<p><strong>Articolo correlato:<\/strong><br \/>\n<span style=\"color: #0000ff;\"><a style=\"color: #0000ff;\" href=\"https:\/\/dailynewshungary.com\/it\/seconda-protesta-contro-la-ristrutturazione-delluniversita-di-corvino\/\" target=\"_blank\">SECONDA PROTESTA CONTRO LA RISTRUTTURAZIONE DELL&#8217;UNIVERSIT\u00c0 CORVINUS<\/a><\/span><\/p>\n<p>I presidi dei dipartimenti di scienze alimentari, scienze orticole e architettura del paesaggio hanno dichiarato dopo i colloqui con Zoltan Balog, il ministro, di non aver avuto l&#8217;opportunit\u00e0 di negoziare L&#8217;integrazione dei tre dipartimenti con l&#8217;universit\u00e0 Godollo \u00e8 un fatto compiuto, Kinga Szilagyi Mezos, uno dei presidi, ha citato Balog come apertura dei colloqui.<\/p>\n<p>Sebbene i presidi abbiano contestato la decisione, \u201cnon \u00e8 stata fornita alcuna ragione soddisfacente per confermare il motivo per cui l&#8217;integrazione avrebbe comportato operazioni migliori rispetto alla cooperazione in una rete, come suggerito da Corvinus, ha insistito Szilagyi Mezos.<\/p>\n<p>Durante la conferenza stampa, gli studenti hanno mostrato cartelli per protestare contro il trasferimento dei loro dipartimenti.<\/p>\n<p>Luned\u00ec e marted\u00ec proteste simili si sono svolte a Budapest, alla presenza di centinaia di studenti dei tre dipartimenti.<\/p>\n<p>Il trasferimento avr\u00e0 luogo il 1\u00b0 gennaio del prossimo anno.<\/p>\n","protected":false},"excerpt":{"rendered":"<p>Budapest, 9 settembre (MTI) 9 Il ministro delle risorse umane ha approvato la decisione finale di trasferire tre dipartimenti dell&#8217;Universit\u00e0 Corvinus di Budapest all&#8217;Universit\u00e0 Szent Istvan di Godollo, una citt\u00e0 vicino a Budapest. Articolo correlato: SECONDA PROTESTA CONTRO LA RISTRUTTURAZIONE DELL&#8217;UNIVERSIT\u00c0 CORVINUS I presidi dei dipartimenti di scienze alimentari, scienze orticole e architettura del paesaggio [&hellip;]<\/p>\n","protected":false},"author":2,"featured_media":730312,"comment_status":"open","ping_status":"open","sticky":false,"template":"","format":"standard","meta":{"_display_image":"","footnotes":""},"categories":[1207],"tags":[1835],"class_list":["post-730311","post","type-post","status-publish","format-standard","has-post-thumbnail","hentry","category-societa-in-ungheria","tag-educazione"],"blocksy_meta":[],"author_username":"alk","telegram_post":"","public_post_metadata":{"breaking_news":"","important":"","csempe":"","center_tile":"","disable_thumbnail":"","target_lang":"","_featured_image_style":"","telegram_post":"","_xlat_group_id":""},"public_rank_math_data":{"title":"%titolo% %sep% %nomesito%","description":"","focus_keyword":"","canonical_url":"","robots":"","primary_category":"1207","breadcrumb_title":"","facebook_title":"","facebook_description":"","facebook_image":"","facebook_image_id":"","twitter_title":"","twitter_description":"","twitter_image":"","twitter_image_id":"","twitter_card_type":"","twitter_use_facebook":"","advanced_robots":"","pillar_content":"","seo_score":"","contentai_score":"","rich_snippet":""},"_links":{"self":[{"href":"https:\/\/dailynewshungary.com\/it\/wp-json\/wp\/v2\/posts\/730311","targetHints":{"allow":["GET"]}}],"collection":[{"href":"https:\/\/dailynewshungary.com\/it\/wp-json\/wp\/v2\/posts"}],"about":[{"href":"https:\/\/dailynewshungary.com\/it\/wp-json\/wp\/v2\/types\/post"}],"author":[{"embeddable":true,"href":"https:\/\/dailynewshungary.com\/it\/wp-json\/wp\/v2\/users\/2"}],"replies":[{"embeddable":true,"href":"https:\/\/dailynewshungary.com\/it\/wp-json\/wp\/v2\/comments?post=730311"}],"version-history":[{"count":0,"href":"https:\/\/dailynewshungary.com\/it\/wp-json\/wp\/v2\/posts\/730311\/revisions"}],"wp:featuredmedia":[{"embeddable":true,"href":"https:\/\/dailynewshungary.com\/it\/wp-json\/wp\/v2\/media\/730312"}],"wp:attachment":[{"href":"https:\/\/dailynewshungary.com\/it\/wp-json\/wp\/v2\/media?parent=730311"}],"wp:term":[{"taxonomy":"category","embeddable":true,"href":"https:\/\/dailynewshungary.com\/it\/wp-json\/wp\/v2\/categories?post=730311"},{"taxonomy":"post_tag","embeddable":true,"href":"https:\/\/dailynewshungary.com\/it\/wp-json\/wp\/v2\/tags?post=730311"}],"curies":[{"name":"wp","href":"https:\/\/api.w.org\/{rel}","templated":true}]}}