{"id":730393,"date":"2015-09-07T13:40:52","date_gmt":"2015-09-07T11:40:52","guid":{"rendered":"https:\/\/dailynewshungary.com\/it\/il-primo-ministro-ungherese-chiede-ai-migranti-di-non-venire-in-ungheria\/"},"modified":"2015-09-07T13:40:52","modified_gmt":"2015-09-07T11:40:52","slug":"il-primo-ministro-ungherese-chiede-ai-migranti-di-non-venire-in-ungheria","status":"publish","type":"post","link":"https:\/\/dailynewshungary.com\/it\/il-primo-ministro-ungherese-chiede-ai-migranti-di-non-venire-in-ungheria\/","title":{"rendered":"Il Primo Ministro ungherese chiede ai migranti di non venire in Ungheria"},"content":{"rendered":"<p><strong>Budapest, 7 settembre (MTI) Il primo ministro Viktor Orban ha dichiarato luned\u00ec che la sua richiesta ai migranti di non venire in Europa attraverso l&#8217;Ungheria \u00e8 stata \u201cper ragioni morali\u201d perch\u00e9 non poteva assumersi la responsabilit\u00e0 di ci\u00f2 che sarebbe potuto accadere loro lungo il percorso.<\/strong><\/p>\n<p>Rivolgendosi all&#8217;inizio di un incontro di due giorni a Budapest dei leader delle missioni estere dell&#8217;Ungheria, Orban ha detto che le persone che erano gi\u00e0 arrivate in Turchia, Grecia, Macedonia, Serbia, Ungheria e Austria sono gi\u00e0 al sicuro, quindi non corrono per la sicurezza Hanno effettivamente \u201cposta gli occhi sulla vita in Germania\u201d, ha aggiunto.<\/p>\n<p>L&#8217;Ungheria non esclude la possibilit\u00e0 di \u201ca discussione sensata e giusta\u201d del sistema delle quote dell&#8217;Unione europea ma \u201cabbiamo un problema con i tempi,\u201d ha detto Orban ha detto che il sistema delle quote si proponeva solo di affrontare le conseguenze della migrazione invece di affrontare le sue cause Tutti i partecipanti internazionali sono preparati per la situazione attuale, ad eccezione dell&#8217;Europa, ha detto Orban Ha aggiunto che l&#8217;Australia, gli Stati Uniti, Israele e gli stati del Golfo hanno tutti rifiutato di accogliere i migranti.<\/p>\n<p>I problemi vanno affrontati dove sono emersi, perch\u00e9 \u00e8 un&#8217;illusione pensare che sia possibile rimandare indietro i migranti, ha detto. \u201cTutti starebbero meglio fuori\u201d se mandassero soldi in quei paesi dove i migranti si presentano per primi. \u201cSe non vengono qui, il costo \u00e8 minore,\u201d ha detto il premier.<\/p>\n<p>Orban respinse l&#8217;idea che chiunque avesse il diritto di dire all&#8217;Ungheria di cambiare significativamente la sua composizione culturale ed etnica In relazione a ci\u00f2 il primo ministro disse che l&#8217;Ungheria \u201cstoricamente\u201d aveva una minoranza di \u201cpoche centinaia di migliaia di\u201d Rom, eppure non chiedeva ad altri stati di vivere anche insieme a una significativa minoranza Rom.<\/p>\n<p>La posizione dell&#8217;Ungheria non \u00e8 \u201canti-Islam\u201d e non vuole che la questione della migrazione provochi un deterioramento delle relazioni con gli Stati appartenenti alla civilt\u00e0 islamica, ha affermato.<\/p>\n<p>Il governo considera preziosa la comunit\u00e0 musulmana in Ungheria e i suoi membri che vivono in linea con la legge, ha affermato. \u201cSiamo davvero lieti che ci siano venditori di kebab sul viale principale di Budapest, o che possiamo acquistare l&#8217;agnello pasquale dal macellaio siriano, ha aggiunto Orban.<\/p>\n<p>Orban ha detto che nel 90 per cento degli Stati membri europei, l&#8217;opinione del popolo e \u201cpolitical elite\u201d divergevano In Ungheria, tuttavia, sono stati formati punti di accordo tra il popolo e il governo grazie alle consultazioni nazionali, che ancora le operazioni del governo in modo democratico, ha detto, aggiungendo cos\u00ec il governo si sta attenendo alla sua politica di asilo.<\/p>\n<p>\u201cUn paese senza frontiere non \u00e8 un paese,\u201d ha detto agli inviati E questo \u00e8 vero anche se quei confini non sono protetti, ha aggiunto.<\/p>\n<p>L&#8217;UE ha fatto bene a far sfumare le frontiere tra gli Stati membri in insignificanza, ma l&#8217;Ungheria ha anche frontiere esterne da proteggere, in base a un obbligo legale nell&#8217;accordo di Schengen, ha osservato il primo ministro L&#8217;Ungheria ha costruito una barriera al fine di rispettare le regole di Schengen, e mentre non c&#8217;\u00e8 alcuna garanzia che ci\u00f2 sar\u00e0 sufficiente, deve provare tutto il possibile per proteggere le frontiere esterne, ha detto.<\/p>\n<p>In merito alla legislazione ungherese approvata la scorsa settimana, che entra in vigore da met\u00e0 settembre, Orban ha detto che non \u00e8 ragionevole pensare che eventuali miglioramenti percepibili si realizzerebbero gi\u00e0 il 16 settembre, ma il governo si aspetta risultati passo dopo passo Speriamo che un giorno i confini dell&#8217;Ungheria saranno chiusi ermeticamente, mentre i valichi di frontiera designati saranno disponibili per l&#8217;ingresso, ha aggiunto.<\/p>\n<p><em>Foto: MTI<\/em><\/p>\n","protected":false},"excerpt":{"rendered":"<p>Budapest, 7 settembre (MTI) Il primo ministro Viktor Orban ha dichiarato luned\u00ec che la sua richiesta ai migranti di non venire in Europa attraverso l&#8217;Ungheria \u00e8 stata \u201cper ragioni morali\u201d perch\u00e9 non poteva assumersi la responsabilit\u00e0 di ci\u00f2 che sarebbe potuto accadere loro lungo il percorso. Rivolgendosi all&#8217;inizio di un incontro di due giorni a [&hellip;]<\/p>\n","protected":false},"author":2,"featured_media":730394,"comment_status":"open","ping_status":"open","sticky":false,"template":"","format":"standard","meta":{"_display_image":"","footnotes":""},"categories":[1185],"tags":[1083],"class_list":["post-730393","post","type-post","status-publish","format-standard","has-post-thumbnail","hentry","category-politica-in-ungheria","tag-viktor-orban"],"blocksy_meta":[],"author_username":"alk","telegram_post":"","public_post_metadata":{"breaking_news":"","important":"","csempe":"","center_tile":"","disable_thumbnail":"","target_lang":"","_featured_image_style":"","telegram_post":"","_xlat_group_id":""},"public_rank_math_data":{"title":"%titolo% %sep% %nomesito%","description":"","focus_keyword":"","canonical_url":"","robots":"","primary_category":"1185","breadcrumb_title":"","facebook_title":"","facebook_description":"","facebook_image":"","facebook_image_id":"","twitter_title":"","twitter_description":"","twitter_image":"","twitter_image_id":"","twitter_card_type":"","twitter_use_facebook":"","advanced_robots":"","pillar_content":"","seo_score":"","contentai_score":"","rich_snippet":""},"_links":{"self":[{"href":"https:\/\/dailynewshungary.com\/it\/wp-json\/wp\/v2\/posts\/730393","targetHints":{"allow":["GET"]}}],"collection":[{"href":"https:\/\/dailynewshungary.com\/it\/wp-json\/wp\/v2\/posts"}],"about":[{"href":"https:\/\/dailynewshungary.com\/it\/wp-json\/wp\/v2\/types\/post"}],"author":[{"embeddable":true,"href":"https:\/\/dailynewshungary.com\/it\/wp-json\/wp\/v2\/users\/2"}],"replies":[{"embeddable":true,"href":"https:\/\/dailynewshungary.com\/it\/wp-json\/wp\/v2\/comments?post=730393"}],"version-history":[{"count":0,"href":"https:\/\/dailynewshungary.com\/it\/wp-json\/wp\/v2\/posts\/730393\/revisions"}],"wp:featuredmedia":[{"embeddable":true,"href":"https:\/\/dailynewshungary.com\/it\/wp-json\/wp\/v2\/media\/730394"}],"wp:attachment":[{"href":"https:\/\/dailynewshungary.com\/it\/wp-json\/wp\/v2\/media?parent=730393"}],"wp:term":[{"taxonomy":"category","embeddable":true,"href":"https:\/\/dailynewshungary.com\/it\/wp-json\/wp\/v2\/categories?post=730393"},{"taxonomy":"post_tag","embeddable":true,"href":"https:\/\/dailynewshungary.com\/it\/wp-json\/wp\/v2\/tags?post=730393"}],"curies":[{"name":"wp","href":"https:\/\/api.w.org\/{rel}","templated":true}]}}