{"id":730461,"date":"2015-09-04T22:21:51","date_gmt":"2015-09-04T20:21:51","guid":{"rendered":"https:\/\/dailynewshungary.com\/it\/cancelliere-austriaco-lungheria-deve-accettare-il-piano-delle-quote-la-difesa-congiunta-delle-frontiere\/"},"modified":"2015-09-04T22:21:51","modified_gmt":"2015-09-04T20:21:51","slug":"cancelliere-austriaco-lungheria-deve-accettare-il-piano-delle-quote-la-difesa-congiunta-delle-frontiere","status":"publish","type":"post","link":"https:\/\/dailynewshungary.com\/it\/cancelliere-austriaco-lungheria-deve-accettare-il-piano-delle-quote-la-difesa-congiunta-delle-frontiere\/","title":{"rendered":"Cancelliere austriaco: l\u2019Ungheria deve accettare il piano delle quote, la difesa congiunta delle frontiere"},"content":{"rendered":"<p><strong>Vienna (MTI) L&#8217;Ungheria dovrebbe accettare il piano delle quote dell&#8217;Unione europea per i migranti e la difesa congiunta dei confini Schengen, ha detto venerd\u00ec il cancelliere austriaco Werner Faymann dopo aver incontrato l&#8217;ambasciatore ungherese Janos Perenyi.<\/strong><\/p>\n<p>L&#8217;ambasciatore \u00e8 stato convocato in cancelleria per la tensione diplomatica causata dall&#8217;attuale situazione dei rifugiati.<\/p>\n<p>Tutti i paesi europei dovrebbero attenersi alla condotta umana prescritta dalla legge sui rifugiati, ha affermato Faymann in una nota.<\/p>\n<p>L&#8217;Ungheria dovrebbe registrare tutti i migranti e accettare quote obbligatorie, che sarebbero una base per procedure controllate sui rifugiati e un&#8217;equa distribuzione dei migranti a livello europeo, si legge nella nota.<\/p>\n<p>L&#8217;ambasciata ungherese ha citato Perenyi dicendo nella riunione che l&#8217;Ungheria ha seguito le normative UE a tutti gli effetti L&#8217;ambasciatore ha detto al cancelliere che proteggere le frontiere esterne dell&#8217;UE \u00e8 particolarmente importante per l&#8217;Ungheria che ha costruito una recinzione lungo il suo confine con la Serbia in tal senso.<\/p>\n<p>Ha detto che arginare l&#8217;ondata di massa di rifugiati \u00e8 un compito primario, con qualsiasi altro ulteriore aspetto e dettaglio che sar\u00e0 discusso solo pi\u00f9 avanti.<\/p>\n<p>L&#8217;ambasciatore ha rassicurato il cancelliere che l&#8217;Ungheria far\u00e0 tutto il possibile per fornire cure adeguate ai rifugiati.<\/p>\n<p><em>Foto: MTI<\/em><\/p>\n","protected":false},"excerpt":{"rendered":"<p>Vienna (MTI) L&#8217;Ungheria dovrebbe accettare il piano delle quote dell&#8217;Unione europea per i migranti e la difesa congiunta dei confini Schengen, ha detto venerd\u00ec il cancelliere austriaco Werner Faymann dopo aver incontrato l&#8217;ambasciatore ungherese Janos Perenyi. L&#8217;ambasciatore \u00e8 stato convocato in cancelleria per la tensione diplomatica causata dall&#8217;attuale situazione dei rifugiati. Tutti i paesi europei [&hellip;]<\/p>\n","protected":false},"author":2,"featured_media":730462,"comment_status":"open","ping_status":"open","sticky":false,"template":"","format":"standard","meta":{"_display_image":"","footnotes":""},"categories":[1185],"tags":[1137,1291],"class_list":["post-730461","post","type-post","status-publish","format-standard","has-post-thumbnail","hentry","category-politica-in-ungheria","tag-austria","tag-migrazione"],"blocksy_meta":[],"author_username":"alk","telegram_post":"","public_post_metadata":{"breaking_news":"","important":"","csempe":"","center_tile":"","disable_thumbnail":"","target_lang":"","_featured_image_style":"","telegram_post":"","_xlat_group_id":""},"public_rank_math_data":{"title":"%titolo% %sep% %nomesito%","description":"","focus_keyword":"","canonical_url":"","robots":"","primary_category":"1185","breadcrumb_title":"","facebook_title":"","facebook_description":"","facebook_image":"","facebook_image_id":"","twitter_title":"","twitter_description":"","twitter_image":"","twitter_image_id":"","twitter_card_type":"","twitter_use_facebook":"","advanced_robots":"","pillar_content":"","seo_score":"","contentai_score":"","rich_snippet":""},"_links":{"self":[{"href":"https:\/\/dailynewshungary.com\/it\/wp-json\/wp\/v2\/posts\/730461","targetHints":{"allow":["GET"]}}],"collection":[{"href":"https:\/\/dailynewshungary.com\/it\/wp-json\/wp\/v2\/posts"}],"about":[{"href":"https:\/\/dailynewshungary.com\/it\/wp-json\/wp\/v2\/types\/post"}],"author":[{"embeddable":true,"href":"https:\/\/dailynewshungary.com\/it\/wp-json\/wp\/v2\/users\/2"}],"replies":[{"embeddable":true,"href":"https:\/\/dailynewshungary.com\/it\/wp-json\/wp\/v2\/comments?post=730461"}],"version-history":[{"count":0,"href":"https:\/\/dailynewshungary.com\/it\/wp-json\/wp\/v2\/posts\/730461\/revisions"}],"wp:featuredmedia":[{"embeddable":true,"href":"https:\/\/dailynewshungary.com\/it\/wp-json\/wp\/v2\/media\/730462"}],"wp:attachment":[{"href":"https:\/\/dailynewshungary.com\/it\/wp-json\/wp\/v2\/media?parent=730461"}],"wp:term":[{"taxonomy":"category","embeddable":true,"href":"https:\/\/dailynewshungary.com\/it\/wp-json\/wp\/v2\/categories?post=730461"},{"taxonomy":"post_tag","embeddable":true,"href":"https:\/\/dailynewshungary.com\/it\/wp-json\/wp\/v2\/tags?post=730461"}],"curies":[{"name":"wp","href":"https:\/\/api.w.org\/{rel}","templated":true}]}}