{"id":730469,"date":"2015-09-04T16:00:03","date_gmt":"2015-09-04T14:00:03","guid":{"rendered":"https:\/\/dailynewshungary.com\/it\/nuova-zona-di-transito-di-budapest-destinata-ad-ospitare-800-persone-afferma-il-sindaco-di-budapest\/"},"modified":"2015-09-04T16:00:03","modified_gmt":"2015-09-04T14:00:03","slug":"nuova-zona-di-transito-di-budapest-destinata-ad-ospitare-800-persone-afferma-il-sindaco-di-budapest","status":"publish","type":"post","link":"https:\/\/dailynewshungary.com\/it\/nuova-zona-di-transito-di-budapest-destinata-ad-ospitare-800-persone-afferma-il-sindaco-di-budapest\/","title":{"rendered":"Nuova zona di transito di Budapest destinata ad ospitare 800 persone, afferma il sindaco di Budapest"},"content":{"rendered":"<p><strong>Budapest, 4 settembre (MTI) 4 La nuova zona di transito della capitale vicino alla stazione Keleti aprir\u00e0 tra il 10 e il 15 settembre e sar\u00e0 in grado di ospitare circa 800 persone, ha detto venerd\u00ec il sindaco di Budapest Istvan Tarlos.<\/strong><\/p>\n<p>Tarlos ha detto che la zona di transito di 1.760 mq potrebbe essere ampliata se la compagnia postale statale ungherese si offre di fornire un&#8217;area di riserva per il consiglio comunale Il consiglio comunale prevede di allestire 72 tende nella zona, 40 servizi igienici, 36 docce, 6 fontanelle con 12 rubinetti ciascuna e 60 prese elettriche adatte a caricare i telefoni cellulari, ha detto Tarlos.<\/p>\n<p>Ci sar\u00e0 un servizio medico 24 ore su 24 che operer\u00e0 nella zona di transito, con la collaborazione della Croce Rossa, e non sar\u00e0 presente alcuna polizia Tarlos ha detto che non \u00e8 possibile gestire il blocco come una struttura chiusa.<\/p>\n<p>Ha detto che il consiglio comunale non vuole ospitare i migranti e ha aggiunto che la zona non sar\u00e0 un campo profughi Per il momento, non ci sono piani per costruire strutture riscaldate, ha detto.<\/p>\n<p><em>Foto: MTI<\/em><\/p>\n","protected":false},"excerpt":{"rendered":"<p>Budapest, 4 settembre (MTI) 4 La nuova zona di transito della capitale vicino alla stazione Keleti aprir\u00e0 tra il 10 e il 15 settembre e sar\u00e0 in grado di ospitare circa 800 persone, ha detto venerd\u00ec il sindaco di Budapest Istvan Tarlos. Tarlos ha detto che la zona di transito di 1.760 mq potrebbe essere [&hellip;]<\/p>\n","protected":false},"author":2,"featured_media":730470,"comment_status":"open","ping_status":"open","sticky":false,"template":"","format":"standard","meta":{"_display_image":"","footnotes":""},"categories":[1185],"tags":[1158,1291],"class_list":["post-730469","post","type-post","status-publish","format-standard","has-post-thumbnail","hentry","category-politica-in-ungheria","tag-budapest","tag-migrazione"],"blocksy_meta":[],"author_username":"alk","telegram_post":"","public_post_metadata":{"breaking_news":"","important":"","csempe":"","center_tile":"","disable_thumbnail":"","target_lang":"","_featured_image_style":"","telegram_post":"","_xlat_group_id":""},"public_rank_math_data":{"title":"%titolo% %sep% %nomesito%","description":"","focus_keyword":"","canonical_url":"","robots":"","primary_category":"1185","breadcrumb_title":"","facebook_title":"","facebook_description":"","facebook_image":"","facebook_image_id":"","twitter_title":"","twitter_description":"","twitter_image":"","twitter_image_id":"","twitter_card_type":"","twitter_use_facebook":"","advanced_robots":"","pillar_content":"","seo_score":"","contentai_score":"","rich_snippet":""},"_links":{"self":[{"href":"https:\/\/dailynewshungary.com\/it\/wp-json\/wp\/v2\/posts\/730469","targetHints":{"allow":["GET"]}}],"collection":[{"href":"https:\/\/dailynewshungary.com\/it\/wp-json\/wp\/v2\/posts"}],"about":[{"href":"https:\/\/dailynewshungary.com\/it\/wp-json\/wp\/v2\/types\/post"}],"author":[{"embeddable":true,"href":"https:\/\/dailynewshungary.com\/it\/wp-json\/wp\/v2\/users\/2"}],"replies":[{"embeddable":true,"href":"https:\/\/dailynewshungary.com\/it\/wp-json\/wp\/v2\/comments?post=730469"}],"version-history":[{"count":0,"href":"https:\/\/dailynewshungary.com\/it\/wp-json\/wp\/v2\/posts\/730469\/revisions"}],"wp:featuredmedia":[{"embeddable":true,"href":"https:\/\/dailynewshungary.com\/it\/wp-json\/wp\/v2\/media\/730470"}],"wp:attachment":[{"href":"https:\/\/dailynewshungary.com\/it\/wp-json\/wp\/v2\/media?parent=730469"}],"wp:term":[{"taxonomy":"category","embeddable":true,"href":"https:\/\/dailynewshungary.com\/it\/wp-json\/wp\/v2\/categories?post=730469"},{"taxonomy":"post_tag","embeddable":true,"href":"https:\/\/dailynewshungary.com\/it\/wp-json\/wp\/v2\/tags?post=730469"}],"curies":[{"name":"wp","href":"https:\/\/api.w.org\/{rel}","templated":true}]}}