{"id":730479,"date":"2015-09-04T13:00:46","date_gmt":"2015-09-04T11:00:46","guid":{"rendered":"https:\/\/dailynewshungary.com\/it\/pm-orban-il-confine-deve-essere-protetto-intervista-radio\/"},"modified":"2015-09-04T13:00:46","modified_gmt":"2015-09-04T11:00:46","slug":"pm-orban-il-confine-deve-essere-protetto-intervista-radio","status":"publish","type":"post","link":"https:\/\/dailynewshungary.com\/it\/pm-orban-il-confine-deve-essere-protetto-intervista-radio\/","title":{"rendered":"PM Orban: Il confine deve essere protetto Intervista radio"},"content":{"rendered":"<p><strong>Budapest, 4 settembre (MTI) Il primo ministro Viktor Orban ha dichiarato venerd\u00ec in un&#8217;intervista radiofonica che se non proteggiamo i nostri confini, decine di milioni arriveranno in Europa pi\u00f9 e pi\u00f9 volte\u201d.<\/strong><\/p>\n<p>Parlando dei suoi colloqui a Bruxelles gioved\u00ec, ha detto alla radio pubblica Kossuth che ci sono forti divergenze di opinione tra l&#8217;Unione europea e l&#8217;Ungheria, dal momento che la maggior parte dei leader dell&#8217;UE pensa che tutti dovrebbero essere ammessi nel blocco. \u201cMa se lasciamo entrare tutti allora questo significa la fine dell&#8217;Europa,\u201d ha detto il primo ministro, aggiungendo che la migrazione di massa sarebbe \u201cendless\u201d.<\/p>\n<p>\u201cPrima o poi diventeremo una minoranza nel nostro continente,\u201d ha detto. Le persone che vengono in Europa \u201cnella speranza di una vita migliore, si dovrebbe dire loro di restare, \u201cperch\u00e9 non verranno lasciate entrare\u201d. Oppure, se lo saranno, verranno rimandati a casa, ha aggiunto Orban.<\/p>\n<p>I cittadini europei hanno una valida richiesta di sicurezza, e questo pu\u00f2 essere soddisfatto solo proteggendo le frontiere L&#8217;Europa deve essere forte, invece \u00e8 \u201cricca e debole; la combinazione peggiore, ha detto\u201d Orban. \u201cLa forza deve essere mostrata nella protezione delle frontiere,\u201d ha insistito.<\/p>\n<p>Orban ha detto di aver chiesto ai leader europei se avessero un&#8217;idea migliore della recinzione di confine dell&#8217;Ungheria e hanno detto che non gli piaceva la recinzione ma non ne avevano idea migliore.<\/p>\n<p>Sui piani per un sistema di quote Orban ha detto che aveva senso parlare di distribuzione e quote \u201c solo se saremo in grado di proteggere la frontiera\u201d. \u201cI non sosterr\u00e0 alcuna soluzione che nemmeno i suoi sostenitori capiscono non sia una soluzione.\u201d<\/p>\n<p>Orban ha detto che nessuna proposta \u00e8 stata presentata per iscritto affermando che i rifugiati sarebbero stati allontanati dall&#8217;Ungheria Ha detto che \u00e8 stato il contrario: \u00e8 stata diffusa solo una proposta scritta, e che si porterebbero \u201calcune migliaia di persone di\u201d dalla Grecia e dall&#8217;Italia in Ungheria; mentre l&#8217;Ungheria riceve gi\u00e0 pi\u00f9 migranti di quei due paesi, ha aggiunto.<\/p>\n<p>A proposito della Grecia, Orban ha affermato di sostenere con tutto il cuore i greci, ma a dire il vero se la Grecia adempiesse ai suoi obblighi Schengen, l&#8217;Ungheria non avrebbe problemi. Se tutti agissero allo stesso modo dei greci, il sistema Schengen e l\u2019intera Unione europea crollerebbero, ha detto.<\/p>\n<p>Riguardo agli eventi avvenuti alla stazione ferroviaria Keleti di Budapest, ha detto che le comunicazioni tedesche sono state all&#8217;origine del caos, poich\u00e9 i tedeschi hanno lanciato un invito che si \u00e8 rivelato essere una falsa promessa\u201d.<\/p>\n<p>Ha anche detto che la decisione di alcuni paesi che vogliono vivere insieme alle comunit\u00e0 musulmane dovrebbe essere rispettata, ma abbiamo anche il diritto di decidere se vogliamo seguire o meno il loro esempio.\u201d Ha detto che raccomanda agli ungheresi di non farlo.<\/p>\n<p>Se l&#8217;Ungheria lascia passare questi migranti che non vogliono accettare le leggi ungheresi e rifiutano di cooperare, allora gli austriaci chiuderanno il confine, ha detto Orban Se gli ungheresi vogliono preservare la possibilit\u00e0 di libera circolazione all&#8217;interno dell&#8217;Europa, allora devono proteggere le frontiere esterne e devono assicurarsi che quelli alla stazione Keleti rispettino anche le normative europee, ha aggiunto.<\/p>\n<p>Se la Germania concede un visto a queste persone, \u201cpoi potremo lasciarle lasciare\u201d, ha detto.<\/p>\n<p>Orban ha detto che le autorit\u00e0 ungheresi meritavano ogni rispetto Ha detto che la polizia \u00e8 stata \u201cable per mantenere l&#8217;ordine senza usare alcuna violenza e questa \u00e8 stata una grande prestazione della polizia in linea con lo spirito europeo.\u201d<\/p>\n<p>Le nuove normative ungheresi che riguardano la migrazione che dovrebbero entrare in vigore a met\u00e0 settembre dimostrano l&#8217;inizio di una nuova era, ha detto Orban Sabato sar\u00e0 lanciata una campagna informativa per preparare i migranti alla nuova situazione, per far capire loro che non dovrebbero entrare illegalmente in Ungheria Tutti dovrebbero essere pronti a rispettare le nuove norme, tra cui Serbia, Macedonia, gli immigrati e i trafficanti di esseri umani, ha detto Orban.<\/p>\n<p>Ha detto che si aspetta che l&#8217;incontro di venerd\u00ec dei Quattro paesi di Visegrad a Praga dimostri una comprensione della situazione e una particolarezzainvece delle ideologie, sar\u00e0 possibile parlare di realt\u00e0.\u201d Slovacchia, Repubblica Ceca e Polonia considerano preziose le loro identit\u00e0 attuali e vogliono continuare le loro storie europee, ha detto Orban.<\/p>\n<p>\u201cPossiamo aspettarci pi\u00f9 comprensione qui che a Bruxelles, ha detto\u201d.<\/p>\n<p>Allo stesso tempo, ha affermato che gli incontri con il presidente della Commissione europea Jean-Claude Juncker e con Donald Tusk sono stati costruttivi e che l&#8217;incontro con il presidente del Parlamento europeo Martin Schulz, un socialista, \u00e8 stato tutto come ci si aspetterebbe.<\/p>\n<p>Commentando le azioni dei vandali a Budapest prima della partita di calcio Ungheria-Romania di venerd\u00ec, ha detto. \u201cMi aspettavo che avrebbero dimostrato maggiore comprensione e avrebbero visto qual \u00e8 la situazione attuale in Ungheria a causa dei migranti&#8230; Tuttavia, sembra che non solo i leader europei, ma a volte inseguo anche le illusioni.\u201d<\/p>\n<p><em>Foto: MTI<\/em><\/p>\n","protected":false},"excerpt":{"rendered":"<p>Budapest, 4 settembre (MTI) Il primo ministro Viktor Orban ha dichiarato venerd\u00ec in un&#8217;intervista radiofonica che se non proteggiamo i nostri confini, decine di milioni arriveranno in Europa pi\u00f9 e pi\u00f9 volte\u201d. Parlando dei suoi colloqui a Bruxelles gioved\u00ec, ha detto alla radio pubblica Kossuth che ci sono forti divergenze di opinione tra l&#8217;Unione europea [&hellip;]<\/p>\n","protected":false},"author":2,"featured_media":730480,"comment_status":"open","ping_status":"open","sticky":false,"template":"","format":"standard","meta":{"_display_image":"","footnotes":""},"categories":[1185],"tags":[1291,1083],"class_list":["post-730479","post","type-post","status-publish","format-standard","has-post-thumbnail","hentry","category-politica-in-ungheria","tag-migrazione","tag-viktor-orban"],"blocksy_meta":[],"author_username":"alk","telegram_post":"","public_post_metadata":{"breaking_news":"","important":"","csempe":"","center_tile":"","disable_thumbnail":"","target_lang":"","_featured_image_style":"","telegram_post":"","_xlat_group_id":""},"public_rank_math_data":{"title":"%titolo% %sep% %nomesito%","description":"","focus_keyword":"","canonical_url":"","robots":"","primary_category":"1185","breadcrumb_title":"","facebook_title":"","facebook_description":"","facebook_image":"","facebook_image_id":"","twitter_title":"","twitter_description":"","twitter_image":"","twitter_image_id":"","twitter_card_type":"","twitter_use_facebook":"","advanced_robots":"","pillar_content":"","seo_score":"","contentai_score":"","rich_snippet":""},"_links":{"self":[{"href":"https:\/\/dailynewshungary.com\/it\/wp-json\/wp\/v2\/posts\/730479","targetHints":{"allow":["GET"]}}],"collection":[{"href":"https:\/\/dailynewshungary.com\/it\/wp-json\/wp\/v2\/posts"}],"about":[{"href":"https:\/\/dailynewshungary.com\/it\/wp-json\/wp\/v2\/types\/post"}],"author":[{"embeddable":true,"href":"https:\/\/dailynewshungary.com\/it\/wp-json\/wp\/v2\/users\/2"}],"replies":[{"embeddable":true,"href":"https:\/\/dailynewshungary.com\/it\/wp-json\/wp\/v2\/comments?post=730479"}],"version-history":[{"count":0,"href":"https:\/\/dailynewshungary.com\/it\/wp-json\/wp\/v2\/posts\/730479\/revisions"}],"wp:featuredmedia":[{"embeddable":true,"href":"https:\/\/dailynewshungary.com\/it\/wp-json\/wp\/v2\/media\/730480"}],"wp:attachment":[{"href":"https:\/\/dailynewshungary.com\/it\/wp-json\/wp\/v2\/media?parent=730479"}],"wp:term":[{"taxonomy":"category","embeddable":true,"href":"https:\/\/dailynewshungary.com\/it\/wp-json\/wp\/v2\/categories?post=730479"},{"taxonomy":"post_tag","embeddable":true,"href":"https:\/\/dailynewshungary.com\/it\/wp-json\/wp\/v2\/tags?post=730479"}],"curies":[{"name":"wp","href":"https:\/\/api.w.org\/{rel}","templated":true}]}}