{"id":730513,"date":"2015-09-03T16:00:58","date_gmt":"2015-09-03T14:00:58","guid":{"rendered":"https:\/\/dailynewshungary.com\/it\/lungheria-resta-impegnata-a-proteggere-i-propri-confini-afferma-orban-a-bruxelles\/"},"modified":"2015-09-03T16:00:58","modified_gmt":"2015-09-03T14:00:58","slug":"lungheria-resta-impegnata-a-proteggere-i-propri-confini-afferma-orban-a-bruxelles","status":"publish","type":"post","link":"https:\/\/dailynewshungary.com\/it\/lungheria-resta-impegnata-a-proteggere-i-propri-confini-afferma-orban-a-bruxelles\/","title":{"rendered":"L\u2019Ungheria resta impegnata a proteggere i propri confini, afferma Orban a Bruxelles"},"content":{"rendered":"<p><strong>Bruxelles, 3 settembre (MTI) L&#8217;Ungheria continuer\u00e0 a impegnarsi a proteggere le sue frontiere, nonch\u00e9 ad attuare le disposizioni dell&#8217;accordo di Schengen dell&#8217;UE, ha detto gioved\u00ec il primo ministro ungherese a Bruxelles prima dei colloqui con il presidente del Consiglio europeo.<\/strong><\/p>\n<p>Viktor Orban incontrer\u00e0 Donald Tusk per discutere della crisi migratoria.<\/p>\n<p>Intervenendo in una conferenza stampa congiunta, Orban ha affermato che proteggere il confine non \u00e8 una questione di scelta, facendo riferimento all&#8217;Accordo che afferma chiaramente che i confini di \u201cSchengen possono essere attraversati solo in punti di attraversamento designati.\u201d<\/p>\n<p>Le autorit\u00e0 ungheresi stanno proteggendo non solo i confini dell&#8217;Ungheria, ma anche i confini esterni dell&#8217;Europa, ha affermato.<\/p>\n<p>Tusk ha affermato che l\u2019Europa deve fare molto di pi\u00f9 per affrontare la crisi migratoria.<\/p>\n<p>Ha affermato che le misure volte ad arginare l\u2019ondata migratoria devono essere affrontate seriamente e devono comportare il rafforzamento delle frontiere.<\/p>\n<p>Tusk ha ritenuto importante che le istituzioni e le organizzazioni che si occupano dell\u2019ondata migratoria ricevano un maggiore contributo dall\u2019Europa.<\/p>\n<p><em>Foto: MTI<\/em><\/p>\n","protected":false},"excerpt":{"rendered":"<p>Bruxelles, 3 settembre (MTI) L&#8217;Ungheria continuer\u00e0 a impegnarsi a proteggere le sue frontiere, nonch\u00e9 ad attuare le disposizioni dell&#8217;accordo di Schengen dell&#8217;UE, ha detto gioved\u00ec il primo ministro ungherese a Bruxelles prima dei colloqui con il presidente del Consiglio europeo. Viktor Orban incontrer\u00e0 Donald Tusk per discutere della crisi migratoria. Intervenendo in una conferenza stampa [&hellip;]<\/p>\n","protected":false},"author":2,"featured_media":730514,"comment_status":"open","ping_status":"open","sticky":false,"template":"","format":"standard","meta":{"_display_image":"","footnotes":""},"categories":[1185],"tags":[1291,1075,1083],"class_list":["post-730513","post","type-post","status-publish","format-standard","has-post-thumbnail","hentry","category-politica-in-ungheria","tag-migrazione","tag-unione-europea","tag-viktor-orban"],"blocksy_meta":[],"author_username":"alk","telegram_post":"","public_post_metadata":{"breaking_news":"","important":"","csempe":"","center_tile":"","disable_thumbnail":"","target_lang":"","_featured_image_style":"","telegram_post":"","_xlat_group_id":""},"public_rank_math_data":{"title":"%titolo% %sep% %nomesito%","description":"","focus_keyword":"","canonical_url":"","robots":"","primary_category":"1185","breadcrumb_title":"","facebook_title":"","facebook_description":"","facebook_image":"","facebook_image_id":"","twitter_title":"","twitter_description":"","twitter_image":"","twitter_image_id":"","twitter_card_type":"","twitter_use_facebook":"","advanced_robots":"","pillar_content":"","seo_score":"","contentai_score":"","rich_snippet":""},"_links":{"self":[{"href":"https:\/\/dailynewshungary.com\/it\/wp-json\/wp\/v2\/posts\/730513","targetHints":{"allow":["GET"]}}],"collection":[{"href":"https:\/\/dailynewshungary.com\/it\/wp-json\/wp\/v2\/posts"}],"about":[{"href":"https:\/\/dailynewshungary.com\/it\/wp-json\/wp\/v2\/types\/post"}],"author":[{"embeddable":true,"href":"https:\/\/dailynewshungary.com\/it\/wp-json\/wp\/v2\/users\/2"}],"replies":[{"embeddable":true,"href":"https:\/\/dailynewshungary.com\/it\/wp-json\/wp\/v2\/comments?post=730513"}],"version-history":[{"count":0,"href":"https:\/\/dailynewshungary.com\/it\/wp-json\/wp\/v2\/posts\/730513\/revisions"}],"wp:featuredmedia":[{"embeddable":true,"href":"https:\/\/dailynewshungary.com\/it\/wp-json\/wp\/v2\/media\/730514"}],"wp:attachment":[{"href":"https:\/\/dailynewshungary.com\/it\/wp-json\/wp\/v2\/media?parent=730513"}],"wp:term":[{"taxonomy":"category","embeddable":true,"href":"https:\/\/dailynewshungary.com\/it\/wp-json\/wp\/v2\/categories?post=730513"},{"taxonomy":"post_tag","embeddable":true,"href":"https:\/\/dailynewshungary.com\/it\/wp-json\/wp\/v2\/tags?post=730513"}],"curies":[{"name":"wp","href":"https:\/\/api.w.org\/{rel}","templated":true}]}}