{"id":730521,"date":"2015-09-03T13:55:02","date_gmt":"2015-09-03T11:55:02","guid":{"rendered":"https:\/\/dailynewshungary.com\/it\/il-presidente-del-parlamento-europeo-sollecita-una-soluzione-comune-sulla-questione-migratoria-dopo-i-colloqui-con-orban\/"},"modified":"2015-09-03T13:55:02","modified_gmt":"2015-09-03T11:55:02","slug":"il-presidente-del-parlamento-europeo-sollecita-una-soluzione-comune-sulla-questione-migratoria-dopo-i-colloqui-con-orban","status":"publish","type":"post","link":"https:\/\/dailynewshungary.com\/it\/il-presidente-del-parlamento-europeo-sollecita-una-soluzione-comune-sulla-questione-migratoria-dopo-i-colloqui-con-orban\/","title":{"rendered":"Il presidente del Parlamento europeo sollecita una soluzione comune sulla questione migratoria dopo i colloqui con Orban"},"content":{"rendered":"<p><strong>Bruxelles, 3 settembre (MTI) Gli europei, compresi gli ungheresi, sono pieni di paura\u201d perch\u00e9 i leader europei sono incapaci di gestire la crisi dei migranti, ha detto il primo ministro Viktor Orban in una conferenza stampa congiunta con il presidente del Parlamento europeo Martin Schulz a Bruxelles.<\/strong><\/p>\n<p>Orban ha affermato che i regolamenti Schengen, Dublino e Frontex chiariscono tutti che i paesi periferici della zona Schengen, come l&#8217;Ungheria, sono responsabili della protezione dei confini dell&#8217;area. Ha detto che l&#8217;Ungheria \u201c ha fatto tutto il possibile per rispettare questi regolamenti.<\/p>\n<p>Il primo ministro ha detto che la crisi non \u00e8 un problema europeo ma tedesco perch\u00e9 nessuno dei migranti vuole restare in Ungheria ma vuole viaggiare verso ovest. \u201cNon abbiamo difficolt\u00e0 con chi vuole restare in Ungheria, ma nessuno vuole restare in Ungheria, n\u00e9 in Slovacchia, Polonia o Estonia, ha detto il\u201d Orban.<\/p>\n<p>Rispondendo a una domanda del canale di notizie del servizio pubblico tedesco ZDF, Orban ha affermato che gestire la crisi non \u00e8 una questione di strategia ma di regolamentazione\u201d. Le normative europee sono completamente chiare, ha detto, sottolineando che sia la cancelliera tedesca Angela Merkel che il cancelliere austriaco Werner Faymann avevano affermato che a nessun migrante \u00e8 stato permesso di lasciare l&#8217;Ungheria senza prima essere registrati. \u201cTutti vogliono andare in Germania Il nostro compito \u00e8 semplicemente registrarli, ha insistito\u201d Orban, ha detto che attraversare illegalmente il confine, accamparsi alla stazione ferroviaria gridando \u201cGermania!\u201d mentre cercava di caricare attraverso il blocco della polizia senza registrarsi nella speranza di lasciare il paese non era un&#8217;opzione per i migranti.<\/p>\n<p>Il primo ministro ha osservato che il parlamento ungherese approver\u00e0 una serie di emendamenti volti a rafforzare i controlli alle frontiere, che entreranno in vigore a met\u00e0 settembre.<\/p>\n<p>Il primo ministro ha chiesto all&#8217;UE di non criticare l&#8217;Ungheria per aver fatto il suo dovere Riferendosi al pacchetto di proposte di emendamento davanti al parlamento, Orban ha affermato che le nuove leggi porterebbero a una nuova situazione in Ungheria e Europe\u201d, sottolineando che i richiedenti asilo, i trafficanti di esseri umani e i paesi vicini sarebbero tutti informati sulle nuove leggi dell&#8217;Ungheria e su come il confine pu\u00f2 e non pu\u00f2 essere attraversato\u201d Orban ha espresso la speranza che l&#8217;Ungheria raggiunga il suo obiettivo con le nuove leggi. \u201cForse non la mattina seguente, ma alla fine l&#8217;Ungheria avr\u00e0 la situazione alla frontiera sotto controllo e sar\u00e0 in grado di attenersi alle norme applicabili agli Stati membri dell&#8217;UE.\u201d<\/p>\n<p>Orban ha detto che la Zona Schengen \u00e8 in pericolo ma l&#8217;Ungheria \u00e8 impegnata a difenderla, per molteplici ragioni Orban ha detto che la prima ragione aveva a che fare con l&#8217;umanit\u00e0 perch\u00e9 \u201cquello che sta accadendo in questo momento \u00e8 un imbarazzo, caotico e non \u00e8 europeo.\u201d Ha detto che la situazione doveva essere tenuta sotto controllo in modo civile, cosa che non pu\u00f2 essere fatta senza controlli alle frontiere. \u201cQuesta \u00e8 la massima priorit\u00e0; senza di essa non si usa discutere delle quote di rifugiati Se non possiamo farlo, ci\u00f2 rappresenta una minaccia per Schengen, perch\u00e9 Austria e Germania diranno che se non possiamo proteggere i nostri confini, proteggeranno i loro.\u201d<\/p>\n<p>Orban ha detto che l&#8217;Ungheria intende proteggere il diritto alla libera circolazione all&#8217;interno dell&#8217;UE, il che significa che anche i confini del paese devono essere protetti. I colloqui sulle quote di rifugiati potrebbero orientare la discussione sulla protezione delle frontiere, che secondo lui la vera questione era la mano \u201cnella direzione sbagliata\u201d Ha detto che sarebbe una mancata\u201d \u201cmorale dare l&#8217;impressione che i migranti possano andare e venire a loro piacimento poich\u00e9 possiamo accogliere tutti; non \u00e8 questo il caso\u201d.<\/p>\n<p>La cosa giusta da fare sarebbe dire\u201cper favore, non venite, Turchia e Serbia sono paesi sicuri, restate l\u00ec, poich\u00e9 la strada \u00e8 rischiosa e non ci sono garanzie che vi sar\u00e0 permesso l&#8217;ingresso qui, ha detto\u201d Orban. Ci sono un certo numero di paesi sicuri tra l&#8217;UE e le zone di guerra da cui provengono i migranti che sarebbero migliori per le famiglie, ha aggiunto.<\/p>\n<p>Sul tema della recinzione di confine dell&#8217;Ungheria, ha detto che vi saranno posizionati dei cartelli per indicare chiaramente i valichi di frontiera legali.<\/p>\n<p>Alla domanda se l&#8217;Ungheria avesse bisogno di ulteriore sostegno finanziario per gestire la crisi umanitaria, Orban ha detto che non era a Bruxelles per tenere colloqui sul denaro.<\/p>\n<p>Intervenendo in una conferenza stampa congiunta, Schulz ha affermato di non credere che gli Stati membri possano ottenere alcun successo attraverso misure individuali, aggiungendo che dovrebbero essere trovate soluzioni a livello UE per affrontare la questione.<\/p>\n<p>Se l&#8217;UE introducesse un sistema di quote utilizzando una \u201cdistribution key\u201d tra gli Stati membri in proporzione alla loro popolazione, alla performance economica e al numero di rifugiati accolti, l&#8217;Ungheria si troverebbe molto probabilmente in una posizione molto migliore di quanto non sia ora con le misure applicate, ha detto Schulz.<\/p>\n<p>Il presidente del PE ha chiesto a Orban di contribuire a trovare una soluzione comune europea per promuovere l&#8217;immigrazione legale, garantire protezione temporanea alle persone che fuggono dalle guerre civili e fornire rifugio ai richiedenti asilo.<\/p>\n<p><em>Foto: MTI<\/em><\/p>\n","protected":false},"excerpt":{"rendered":"<p>Bruxelles, 3 settembre (MTI) Gli europei, compresi gli ungheresi, sono pieni di paura\u201d perch\u00e9 i leader europei sono incapaci di gestire la crisi dei migranti, ha detto il primo ministro Viktor Orban in una conferenza stampa congiunta con il presidente del Parlamento europeo Martin Schulz a Bruxelles. Orban ha affermato che i regolamenti Schengen, Dublino [&hellip;]<\/p>\n","protected":false},"author":2,"featured_media":730522,"comment_status":"open","ping_status":"open","sticky":false,"template":"","format":"standard","meta":{"_display_image":"","footnotes":""},"categories":[1185],"tags":[1291,1075,1083],"class_list":["post-730521","post","type-post","status-publish","format-standard","has-post-thumbnail","hentry","category-politica-in-ungheria","tag-migrazione","tag-unione-europea","tag-viktor-orban"],"blocksy_meta":[],"author_username":"alk","telegram_post":"","public_post_metadata":{"breaking_news":"","important":"","csempe":"","center_tile":"","disable_thumbnail":"","target_lang":"","_featured_image_style":"","telegram_post":"","_xlat_group_id":""},"public_rank_math_data":{"title":"%titolo% %sep% %nomesito%","description":"","focus_keyword":"","canonical_url":"","robots":"","primary_category":"1185","breadcrumb_title":"","facebook_title":"","facebook_description":"","facebook_image":"","facebook_image_id":"","twitter_title":"","twitter_description":"","twitter_image":"","twitter_image_id":"","twitter_card_type":"","twitter_use_facebook":"","advanced_robots":"","pillar_content":"","seo_score":"","contentai_score":"","rich_snippet":""},"_links":{"self":[{"href":"https:\/\/dailynewshungary.com\/it\/wp-json\/wp\/v2\/posts\/730521","targetHints":{"allow":["GET"]}}],"collection":[{"href":"https:\/\/dailynewshungary.com\/it\/wp-json\/wp\/v2\/posts"}],"about":[{"href":"https:\/\/dailynewshungary.com\/it\/wp-json\/wp\/v2\/types\/post"}],"author":[{"embeddable":true,"href":"https:\/\/dailynewshungary.com\/it\/wp-json\/wp\/v2\/users\/2"}],"replies":[{"embeddable":true,"href":"https:\/\/dailynewshungary.com\/it\/wp-json\/wp\/v2\/comments?post=730521"}],"version-history":[{"count":0,"href":"https:\/\/dailynewshungary.com\/it\/wp-json\/wp\/v2\/posts\/730521\/revisions"}],"wp:featuredmedia":[{"embeddable":true,"href":"https:\/\/dailynewshungary.com\/it\/wp-json\/wp\/v2\/media\/730522"}],"wp:attachment":[{"href":"https:\/\/dailynewshungary.com\/it\/wp-json\/wp\/v2\/media?parent=730521"}],"wp:term":[{"taxonomy":"category","embeddable":true,"href":"https:\/\/dailynewshungary.com\/it\/wp-json\/wp\/v2\/categories?post=730521"},{"taxonomy":"post_tag","embeddable":true,"href":"https:\/\/dailynewshungary.com\/it\/wp-json\/wp\/v2\/tags?post=730521"}],"curies":[{"name":"wp","href":"https:\/\/api.w.org\/{rel}","templated":true}]}}