{"id":730529,"date":"2015-09-03T10:00:16","date_gmt":"2015-09-03T08:00:16","guid":{"rendered":"https:\/\/dailynewshungary.com\/it\/migrante-afghano-curato-per-la-malaria-nellospedale-di-budapest\/"},"modified":"2015-09-03T10:00:16","modified_gmt":"2015-09-03T08:00:16","slug":"migrante-afghano-curato-per-la-malaria-nellospedale-di-budapest","status":"publish","type":"post","link":"https:\/\/dailynewshungary.com\/it\/migrante-afghano-curato-per-la-malaria-nellospedale-di-budapest\/","title":{"rendered":"Migrante afghano curato per la malaria nell\u2019ospedale di Budapest"},"content":{"rendered":"<p><strong>Budapest (MTI) Un giovane afghano \u00e8 in cura per la malaria in un ospedale di Budapest, ha detto mercoled\u00ec sera al canale di notizie pubbliche M1 il capo del dipartimento dell&#8217;ospedale.<\/strong><\/p>\n<p>Marted\u00ec l&#8217;uomo \u00e8 passato in Ungheria come membro di un gruppo pi\u00f9 ampio di migranti a Roszke, al confine con la Serbia, ha detto al programma Janos Szlavik, l&#8217;infettologo degli ospedali di St Istvan e St Laszlo.<\/p>\n<p>L&#8217;uomo ha sviluppato la febbre durante la registrazione ed \u00e8 stato portato in ospedale nella citt\u00e0 di Szeged dove \u00e8 risultato positivo alla malaria, ha detto Szlavik.<\/p>\n<p>L&#8217;uomo \u00e8 in condizioni soddisfacenti ed \u00e8 sotto cure mediche in un reparto isolato, ha aggiunto.<\/p>\n<p>Si ritiene che abbia contratto la malaria gi\u00e0 in Afghanistan, ma ha prodotto sintomi solo ora poich\u00e9 la malattia ha un lungo tempo di incubazione, ha affermato Szlavik.<\/p>\n<p>L&#8217;uomo afghano \u00e8 il quarto paziente migrante curato per la malaria quest&#8217;anno, ha detto, aggiungendo che tutti e quattro i pazienti guariranno.<\/p>\n<p>La malaria viene trasmessa da una specie di zanzara assente in Ungheria, ha detto Szlavik, sottolineando che non si diffonde da uomo a uomo, il che significa che i casi in Ungheria non rappresentano una minaccia per il pubblico.<\/p>\n<p>L&#8217;ospedale di St Laszlo cura in media 10-15 pazienti affetti da malaria all&#8217;anno, ha affermato.<\/p>\n","protected":false},"excerpt":{"rendered":"<p>Budapest (MTI) Un giovane afghano \u00e8 in cura per la malaria in un ospedale di Budapest, ha detto mercoled\u00ec sera al canale di notizie pubbliche M1 il capo del dipartimento dell&#8217;ospedale. Marted\u00ec l&#8217;uomo \u00e8 passato in Ungheria come membro di un gruppo pi\u00f9 ampio di migranti a Roszke, al confine con la Serbia, ha detto [&hellip;]<\/p>\n","protected":false},"author":2,"featured_media":730530,"comment_status":"open","ping_status":"open","sticky":false,"template":"","format":"standard","meta":{"_display_image":"","footnotes":""},"categories":[1207],"tags":[1158,1291,1113],"class_list":["post-730529","post","type-post","status-publish","format-standard","has-post-thumbnail","hentry","category-societa-in-ungheria","tag-budapest","tag-migrazione","tag-salute"],"blocksy_meta":[],"author_username":"alk","telegram_post":"","public_post_metadata":{"breaking_news":"","important":"","csempe":"","center_tile":"","disable_thumbnail":"","target_lang":"","_featured_image_style":"","telegram_post":"","_xlat_group_id":""},"public_rank_math_data":{"title":"%titolo% %sep% %nomesito%","description":"","focus_keyword":"","canonical_url":"","robots":"","primary_category":"1207","breadcrumb_title":"","facebook_title":"","facebook_description":"","facebook_image":"","facebook_image_id":"","twitter_title":"","twitter_description":"","twitter_image":"","twitter_image_id":"","twitter_card_type":"","twitter_use_facebook":"","advanced_robots":"","pillar_content":"","seo_score":"","contentai_score":"","rich_snippet":""},"_links":{"self":[{"href":"https:\/\/dailynewshungary.com\/it\/wp-json\/wp\/v2\/posts\/730529","targetHints":{"allow":["GET"]}}],"collection":[{"href":"https:\/\/dailynewshungary.com\/it\/wp-json\/wp\/v2\/posts"}],"about":[{"href":"https:\/\/dailynewshungary.com\/it\/wp-json\/wp\/v2\/types\/post"}],"author":[{"embeddable":true,"href":"https:\/\/dailynewshungary.com\/it\/wp-json\/wp\/v2\/users\/2"}],"replies":[{"embeddable":true,"href":"https:\/\/dailynewshungary.com\/it\/wp-json\/wp\/v2\/comments?post=730529"}],"version-history":[{"count":0,"href":"https:\/\/dailynewshungary.com\/it\/wp-json\/wp\/v2\/posts\/730529\/revisions"}],"wp:featuredmedia":[{"embeddable":true,"href":"https:\/\/dailynewshungary.com\/it\/wp-json\/wp\/v2\/media\/730530"}],"wp:attachment":[{"href":"https:\/\/dailynewshungary.com\/it\/wp-json\/wp\/v2\/media?parent=730529"}],"wp:term":[{"taxonomy":"category","embeddable":true,"href":"https:\/\/dailynewshungary.com\/it\/wp-json\/wp\/v2\/categories?post=730529"},{"taxonomy":"post_tag","embeddable":true,"href":"https:\/\/dailynewshungary.com\/it\/wp-json\/wp\/v2\/tags?post=730529"}],"curies":[{"name":"wp","href":"https:\/\/api.w.org\/{rel}","templated":true}]}}