{"id":730549,"date":"2015-09-02T21:10:57","date_gmt":"2015-09-02T19:10:57","guid":{"rendered":"https:\/\/dailynewshungary.com\/it\/inaugurato-il-ristrutturato-eremo-camaldolese-di-majk\/"},"modified":"2015-09-02T21:10:57","modified_gmt":"2015-09-02T19:10:57","slug":"inaugurato-il-ristrutturato-eremo-camaldolese-di-majk","status":"publish","type":"post","link":"https:\/\/dailynewshungary.com\/it\/inaugurato-il-ristrutturato-eremo-camaldolese-di-majk\/","title":{"rendered":"Inaugurato il ristrutturato eremo camaldolese di Majk"},"content":{"rendered":"<p><strong>Budapest, 2 settembre (MTI) hermitage camaldolese ristrutturato di Majk \u00e8 stato inaugurato mercoled\u00ec nel nord dell&#8217;Ungheria.<\/strong><\/p>\n<p>Alla cerimonia di inaugurazione ha partecipato il capo dell&#8217;ufficio governativo Janos Lazar, il quale ha osservato che i camaldolesi hanno contribuito notevolmente alla ripresa e alla ricostruzione del loro paese da parte degli ungheresi nel XVIII secolo dopo 150 anni di dominio turco.<\/p>\n<p>Il segretario di Stato Laszlo L. Simon ha dichiarato che la ristrutturazione \u00e8 costata 885 milioni di fiorini (2,8 milioni di euro) ed \u00e8 stata finanziata interamente dai fondi dell&#8217;Unione europea, ha detto che una nuova mostra permanente che presenter\u00e0 lo stile di vita dell&#8217;ordine sar\u00e0 presto aperta all&#8217;eremo Ha detto che il Forster Gyula National Heritage and Asset Management Centre, che ora gestisce l&#8217;eremo, prevede che il sito ricever\u00e0 circa 37.000 visitatori all&#8217;anno.<\/p>\n<p>L&#8217;eremo di Majk \u00e8 uno dei pochi eremi camaldolesi dell&#8217;Europa centrale rimasti intatti L&#8217;eremo \u00e8 composto da 17 unit\u00e0 distaccate, sette delle quali con funzione di foresteria.<\/p>\n<p><em>Foto: MTI<\/em><\/p>\n","protected":false},"excerpt":{"rendered":"<p>Budapest, 2 settembre (MTI) hermitage camaldolese ristrutturato di Majk \u00e8 stato inaugurato mercoled\u00ec nel nord dell&#8217;Ungheria. Alla cerimonia di inaugurazione ha partecipato il capo dell&#8217;ufficio governativo Janos Lazar, il quale ha osservato che i camaldolesi hanno contribuito notevolmente alla ripresa e alla ricostruzione del loro paese da parte degli ungheresi nel XVIII secolo dopo 150 [&hellip;]<\/p>\n","protected":false},"author":2,"featured_media":730550,"comment_status":"open","ping_status":"open","sticky":false,"template":"","format":"standard","meta":{"_display_image":"","footnotes":""},"categories":[1304],"tags":[1489],"class_list":["post-730549","post","type-post","status-publish","format-standard","has-post-thumbnail","hentry","category-cultura-in-ungheria","tag-edificio"],"blocksy_meta":[],"author_username":"alk","telegram_post":"","public_post_metadata":{"breaking_news":"","important":"","csempe":"","center_tile":"","disable_thumbnail":"","target_lang":"","_featured_image_style":"","telegram_post":"","_xlat_group_id":""},"public_rank_math_data":{"title":"%titolo% %sep% %nomesito%","description":"","focus_keyword":"","canonical_url":"","robots":"","primary_category":"1304","breadcrumb_title":"","facebook_title":"","facebook_description":"","facebook_image":"","facebook_image_id":"","twitter_title":"","twitter_description":"","twitter_image":"","twitter_image_id":"","twitter_card_type":"","twitter_use_facebook":"","advanced_robots":"","pillar_content":"","seo_score":"","contentai_score":"","rich_snippet":""},"_links":{"self":[{"href":"https:\/\/dailynewshungary.com\/it\/wp-json\/wp\/v2\/posts\/730549","targetHints":{"allow":["GET"]}}],"collection":[{"href":"https:\/\/dailynewshungary.com\/it\/wp-json\/wp\/v2\/posts"}],"about":[{"href":"https:\/\/dailynewshungary.com\/it\/wp-json\/wp\/v2\/types\/post"}],"author":[{"embeddable":true,"href":"https:\/\/dailynewshungary.com\/it\/wp-json\/wp\/v2\/users\/2"}],"replies":[{"embeddable":true,"href":"https:\/\/dailynewshungary.com\/it\/wp-json\/wp\/v2\/comments?post=730549"}],"version-history":[{"count":0,"href":"https:\/\/dailynewshungary.com\/it\/wp-json\/wp\/v2\/posts\/730549\/revisions"}],"wp:featuredmedia":[{"embeddable":true,"href":"https:\/\/dailynewshungary.com\/it\/wp-json\/wp\/v2\/media\/730550"}],"wp:attachment":[{"href":"https:\/\/dailynewshungary.com\/it\/wp-json\/wp\/v2\/media?parent=730549"}],"wp:term":[{"taxonomy":"category","embeddable":true,"href":"https:\/\/dailynewshungary.com\/it\/wp-json\/wp\/v2\/categories?post=730549"},{"taxonomy":"post_tag","embeddable":true,"href":"https:\/\/dailynewshungary.com\/it\/wp-json\/wp\/v2\/tags?post=730549"}],"curies":[{"name":"wp","href":"https:\/\/api.w.org\/{rel}","templated":true}]}}