{"id":730619,"date":"2015-09-01T06:19:33","date_gmt":"2015-09-01T04:19:33","guid":{"rendered":"https:\/\/dailynewshungary.com\/it\/rifugio-temporaneo-per-i-rifugiati-a-budapest-dice-il-sindaco\/"},"modified":"2015-09-01T06:19:33","modified_gmt":"2015-09-01T04:19:33","slug":"rifugio-temporaneo-per-i-rifugiati-a-budapest-dice-il-sindaco","status":"publish","type":"post","link":"https:\/\/dailynewshungary.com\/it\/rifugio-temporaneo-per-i-rifugiati-a-budapest-dice-il-sindaco\/","title":{"rendered":"Rifugio temporaneo per i rifugiati a Budapest, dice il sindaco"},"content":{"rendered":"<p><strong>Budapest, 1 agosto (MTI) 3 Budapest non intende accogliere i migranti a lungo termine e il rifugio offerto \u00e8 solo temporaneo, ha detto luned\u00ec il sindaco della citt\u00e0 a MTI.<\/strong><\/p>\n<p>La direzione della citt\u00e0 respinge qualsiasi tentativo politico a buon mercato di suggerire che la citt\u00e0 agisca contro gli interessi dei suoi residenti, ha detto Istvan Tarlos in una nota, commentando una manifestazione organizzata luned\u00ec dal partito nazionalista radicale Jobbik.<\/p>\n<p>\u201cNon si dovrebbe permettere a masse\u201d non identificate di entrare illegalmente nel paese e riunirsi a Budapest, ha detto Tarlos, aggiungendo che non sosterr\u00e0 alcuna struttura permanente per rifugiati nella capitale.<\/p>\n<p>All&#8217;inizio della giornata, manifestanti anti-migranti si sono riuniti in un&#8217;area vicino alla stazione ferroviaria di Keleti, designata come area di transito per i rifugiati, e hanno montato una tenda per protestare contro la struttura.<\/p>\n<p>Gyorgy Peto, il capo della direzione municipale delle forze dell&#8217;ordine (FORI), ha dichiarato che la nuova area di 4.000 mq \u00e8 stata designata per sostituire i rifugi ad hoc in varie stazioni principali e garantirne il buon funzionamento.<\/p>\n<p>I manifestanti di Jobbik hanno detto: \u201cBudapest non \u00e8 un luogo per zone di transito o campi profughi\u201d.<\/p>\n<p><em>Foto: MTI<\/em><\/p>\n","protected":false},"excerpt":{"rendered":"<p>Budapest, 1 agosto (MTI) 3 Budapest non intende accogliere i migranti a lungo termine e il rifugio offerto \u00e8 solo temporaneo, ha detto luned\u00ec il sindaco della citt\u00e0 a MTI. La direzione della citt\u00e0 respinge qualsiasi tentativo politico a buon mercato di suggerire che la citt\u00e0 agisca contro gli interessi dei suoi residenti, ha detto [&hellip;]<\/p>\n","protected":false},"author":2,"featured_media":730620,"comment_status":"open","ping_status":"open","sticky":false,"template":"","format":"standard","meta":{"_display_image":"","footnotes":""},"categories":[1185],"tags":[1158,1412,1291],"class_list":["post-730619","post","type-post","status-publish","format-standard","has-post-thumbnail","hentry","category-politica-in-ungheria","tag-budapest","tag-jobbik","tag-migrazione"],"blocksy_meta":[],"author_username":"alk","telegram_post":"","public_post_metadata":{"breaking_news":"","important":"","csempe":"","center_tile":"","disable_thumbnail":"","target_lang":"","_featured_image_style":"","telegram_post":"","_xlat_group_id":""},"public_rank_math_data":{"title":"%titolo% %sep% %nomesito%","description":"","focus_keyword":"","canonical_url":"","robots":"","primary_category":"1185","breadcrumb_title":"","facebook_title":"","facebook_description":"","facebook_image":"","facebook_image_id":"","twitter_title":"","twitter_description":"","twitter_image":"","twitter_image_id":"","twitter_card_type":"","twitter_use_facebook":"","advanced_robots":"","pillar_content":"","seo_score":"","contentai_score":"","rich_snippet":""},"_links":{"self":[{"href":"https:\/\/dailynewshungary.com\/it\/wp-json\/wp\/v2\/posts\/730619","targetHints":{"allow":["GET"]}}],"collection":[{"href":"https:\/\/dailynewshungary.com\/it\/wp-json\/wp\/v2\/posts"}],"about":[{"href":"https:\/\/dailynewshungary.com\/it\/wp-json\/wp\/v2\/types\/post"}],"author":[{"embeddable":true,"href":"https:\/\/dailynewshungary.com\/it\/wp-json\/wp\/v2\/users\/2"}],"replies":[{"embeddable":true,"href":"https:\/\/dailynewshungary.com\/it\/wp-json\/wp\/v2\/comments?post=730619"}],"version-history":[{"count":0,"href":"https:\/\/dailynewshungary.com\/it\/wp-json\/wp\/v2\/posts\/730619\/revisions"}],"wp:featuredmedia":[{"embeddable":true,"href":"https:\/\/dailynewshungary.com\/it\/wp-json\/wp\/v2\/media\/730620"}],"wp:attachment":[{"href":"https:\/\/dailynewshungary.com\/it\/wp-json\/wp\/v2\/media?parent=730619"}],"wp:term":[{"taxonomy":"category","embeddable":true,"href":"https:\/\/dailynewshungary.com\/it\/wp-json\/wp\/v2\/categories?post=730619"},{"taxonomy":"post_tag","embeddable":true,"href":"https:\/\/dailynewshungary.com\/it\/wp-json\/wp\/v2\/tags?post=730619"}],"curies":[{"name":"wp","href":"https:\/\/api.w.org\/{rel}","templated":true}]}}