{"id":730653,"date":"2015-08-30T13:00:19","date_gmt":"2015-08-30T11:00:19","guid":{"rendered":"https:\/\/dailynewshungary.com\/it\/nuove-zone-di-transito-saranno-istituite-al-confine-ungherese-serbo\/"},"modified":"2015-08-30T13:00:19","modified_gmt":"2015-08-30T11:00:19","slug":"nuove-zone-di-transito-saranno-istituite-al-confine-ungherese-serbo","status":"publish","type":"post","link":"https:\/\/dailynewshungary.com\/it\/nuove-zone-di-transito-saranno-istituite-al-confine-ungherese-serbo\/","title":{"rendered":"Nuove zone di transito saranno istituite al confine ungherese-serbo"},"content":{"rendered":"<p><strong>Il governo prevede di introdurre una nuova categoria legale (crisi) per introdurre la crisi causata dalla migrazione di massa e propone l&#8217;istituzione di diverse zone di transito presso il confine ungherese (confine serbo) Le zone chiuse saranno istituite entro 60 metri dal confine e avranno una sola uscita verso la Serbia I migranti possono lasciare le zone in qualsiasi momento attraverso l&#8217;uscita.<\/strong><\/p>\n<p>Il governo presenter\u00e0 anche un disegno di legge in parlamento che propone la modifica di 13 disposizioni del codice penale, ha affermato in una conferenza stampa il deputato del gruppo parlamentare Fidesz Gergely Guly\u00e1s.<\/p>\n<p>\u00c8 inaccettabile che i cosiddetti paesi dei Balcani occidentali aiutino il trasporto dei migranti verso i confini Schengen senza controllarli, ha affermato venerd\u00ec il portavoce del governo Zolt\u00e1n Kov\u00e1cs al canale di notizie M1.<\/p>\n<p>Ci troviamo di fronte ogni giorno all&#8217;ondata di immigrati clandestini consegnati alle nostre porte da enti pubblici stranieri, ha affermato il portavoce, aggiungendo che in questa situazione l&#8217;Ungheria \u00e8 l&#8217;unico paese lungo la rotta migratoria dei Balcani occidentali a fare il suo lavoro; nel frattempo, i migranti diventano sempre pi\u00f9 aggressivi; chiedono alle autorit\u00e0 ungheresi di lasciarli andare, o addirittura di trasportarli verso le destinazioni desiderate.<\/p>\n<p>Il portavoce del governo ha anche osservato che i migranti provengono da paesi della Grecia e della Macedonia dove le loro vite non sono minacciate; in altre parole, in quei paesi potrebbero chiedere asilo poich\u00e9 quelli sono paesi sicuri.<\/p>\n<p>Qualche giorno fa, anche il sindaco di Budapest Istv\u00e1n Tarl\u00f3s ha annunciato che le Transit Zone vicino alle stazioni ferroviarie di Budapest saranno gradualmente eliminate perch\u00e9 piene ed \u00e8 inaccettabile che i principali punti focali della citt\u00e0 siano completamente presi in carico dai migranti.<\/p>\n<p>Inizialmente, la citt\u00e0 di transito prevedeva di riaprire le zone di transito in quattro diverse localit\u00e0 (tre a Buda, una a Buda); ma Tarl\u00f3 ha abbandonato il piano annunciando che nel settimo distretto verr\u00e0 creata una sola zona di transito.<\/p>\n<p>La nuova Zona di Transito ospiter\u00e0 circa mille migranti e l&#8217;apertura \u00e8 prevista tra due settimane.<\/p>\n<p><em>tradotto da unghereseambiance.com<\/em><\/p>\n<p><em>Foto: MTI<\/em><\/p>\n","protected":false},"excerpt":{"rendered":"<p>Il governo prevede di introdurre una nuova categoria legale (crisi) per introdurre la crisi causata dalla migrazione di massa e propone l&#8217;istituzione di diverse zone di transito presso il confine ungherese (confine serbo) Le zone chiuse saranno istituite entro 60 metri dal confine e avranno una sola uscita verso la Serbia I migranti possono lasciare [&hellip;]<\/p>\n","protected":false},"author":2,"featured_media":730654,"comment_status":"open","ping_status":"open","sticky":false,"template":"","format":"standard","meta":{"_display_image":"","footnotes":""},"categories":[1185],"tags":[1291,1317],"class_list":["post-730653","post","type-post","status-publish","format-standard","has-post-thumbnail","hentry","category-politica-in-ungheria","tag-migrazione","tag-serbia"],"blocksy_meta":[],"author_username":"alk","telegram_post":"","public_post_metadata":{"breaking_news":"","important":"","csempe":"","center_tile":"","disable_thumbnail":"","target_lang":"","_featured_image_style":"","telegram_post":"","_xlat_group_id":""},"public_rank_math_data":{"title":"%titolo% %sep% %nomesito%","description":"","focus_keyword":"","canonical_url":"","robots":"","primary_category":"1185","breadcrumb_title":"","facebook_title":"","facebook_description":"","facebook_image":"","facebook_image_id":"","twitter_title":"","twitter_description":"","twitter_image":"","twitter_image_id":"","twitter_card_type":"","twitter_use_facebook":"","advanced_robots":"","pillar_content":"","seo_score":"","contentai_score":"","rich_snippet":""},"_links":{"self":[{"href":"https:\/\/dailynewshungary.com\/it\/wp-json\/wp\/v2\/posts\/730653","targetHints":{"allow":["GET"]}}],"collection":[{"href":"https:\/\/dailynewshungary.com\/it\/wp-json\/wp\/v2\/posts"}],"about":[{"href":"https:\/\/dailynewshungary.com\/it\/wp-json\/wp\/v2\/types\/post"}],"author":[{"embeddable":true,"href":"https:\/\/dailynewshungary.com\/it\/wp-json\/wp\/v2\/users\/2"}],"replies":[{"embeddable":true,"href":"https:\/\/dailynewshungary.com\/it\/wp-json\/wp\/v2\/comments?post=730653"}],"version-history":[{"count":0,"href":"https:\/\/dailynewshungary.com\/it\/wp-json\/wp\/v2\/posts\/730653\/revisions"}],"wp:featuredmedia":[{"embeddable":true,"href":"https:\/\/dailynewshungary.com\/it\/wp-json\/wp\/v2\/media\/730654"}],"wp:attachment":[{"href":"https:\/\/dailynewshungary.com\/it\/wp-json\/wp\/v2\/media?parent=730653"}],"wp:term":[{"taxonomy":"category","embeddable":true,"href":"https:\/\/dailynewshungary.com\/it\/wp-json\/wp\/v2\/categories?post=730653"},{"taxonomy":"post_tag","embeddable":true,"href":"https:\/\/dailynewshungary.com\/it\/wp-json\/wp\/v2\/tags?post=730653"}],"curies":[{"name":"wp","href":"https:\/\/api.w.org\/{rel}","templated":true}]}}