{"id":730667,"date":"2015-08-29T20:23:45","date_gmt":"2015-08-29T18:23:45","guid":{"rendered":"https:\/\/dailynewshungary.com\/it\/jobbik-invita-il-primo-ministro-ad-avviare-una-riunione-di-crisi-dei-partiti-sulla-migrazione\/"},"modified":"2015-08-29T20:23:45","modified_gmt":"2015-08-29T18:23:45","slug":"jobbik-invita-il-primo-ministro-ad-avviare-una-riunione-di-crisi-dei-partiti-sulla-migrazione","status":"publish","type":"post","link":"https:\/\/dailynewshungary.com\/it\/jobbik-invita-il-primo-ministro-ad-avviare-una-riunione-di-crisi-dei-partiti-sulla-migrazione\/","title":{"rendered":"Jobbik invita il Primo Ministro ad avviare una riunione di crisi dei partiti sulla migrazione"},"content":{"rendered":"<p><strong>Budapest, 9 agosto (MTI) 2 Il partito nazionalista radicale Jobbik ha invitato sabato il primo ministro Viktor Orban ad avviare un incontro di crisi dei leader parlamentari dei partiti e dei gruppi in relazione ai problemi causati dalla migrazione.<\/strong><\/p>\n<p>Il portavoce di Jobbik Adam Mirkoczki ha detto che Jobbik vuole che ogni partito presenti proposte \u201cin un&#8217;atmosfera pi\u00f9 informale\u201d e raggiunga un consenso nazionale di base sulla questione.<\/p>\n<p>Il partito vorrebbe che l&#8217;incontro si tenesse entro mercoled\u00ec, per precedere le sessioni parlamentari straordinarie sulla migrazione che si terranno gioved\u00ec e venerd\u00ec, L&#8217;incontro di crisi darebbe l&#8217;opportunit\u00e0 a Orban e al Fidesz al potere di dimostrare di voler seriamente ascoltare le opinioni degli altri partiti in materia, ha detto Mirkoczki.<\/p>\n","protected":false},"excerpt":{"rendered":"<p>Budapest, 9 agosto (MTI) 2 Il partito nazionalista radicale Jobbik ha invitato sabato il primo ministro Viktor Orban ad avviare un incontro di crisi dei leader parlamentari dei partiti e dei gruppi in relazione ai problemi causati dalla migrazione. Il portavoce di Jobbik Adam Mirkoczki ha detto che Jobbik vuole che ogni partito presenti proposte [&hellip;]<\/p>\n","protected":false},"author":2,"featured_media":730668,"comment_status":"open","ping_status":"open","sticky":false,"template":"","format":"standard","meta":{"_display_image":"","footnotes":""},"categories":[1185],"tags":[1412,1291,1083],"class_list":["post-730667","post","type-post","status-publish","format-standard","has-post-thumbnail","hentry","category-politica-in-ungheria","tag-jobbik","tag-migrazione","tag-viktor-orban"],"blocksy_meta":[],"author_username":"alk","telegram_post":"","public_post_metadata":{"breaking_news":"","important":"","csempe":"","center_tile":"","disable_thumbnail":"","target_lang":"","_featured_image_style":"","telegram_post":"","_xlat_group_id":""},"public_rank_math_data":{"title":"%titolo% %sep% %nomesito%","description":"","focus_keyword":"","canonical_url":"","robots":"","primary_category":"1185","breadcrumb_title":"","facebook_title":"","facebook_description":"","facebook_image":"","facebook_image_id":"","twitter_title":"","twitter_description":"","twitter_image":"","twitter_image_id":"","twitter_card_type":"","twitter_use_facebook":"","advanced_robots":"","pillar_content":"","seo_score":"","contentai_score":"","rich_snippet":""},"_links":{"self":[{"href":"https:\/\/dailynewshungary.com\/it\/wp-json\/wp\/v2\/posts\/730667","targetHints":{"allow":["GET"]}}],"collection":[{"href":"https:\/\/dailynewshungary.com\/it\/wp-json\/wp\/v2\/posts"}],"about":[{"href":"https:\/\/dailynewshungary.com\/it\/wp-json\/wp\/v2\/types\/post"}],"author":[{"embeddable":true,"href":"https:\/\/dailynewshungary.com\/it\/wp-json\/wp\/v2\/users\/2"}],"replies":[{"embeddable":true,"href":"https:\/\/dailynewshungary.com\/it\/wp-json\/wp\/v2\/comments?post=730667"}],"version-history":[{"count":0,"href":"https:\/\/dailynewshungary.com\/it\/wp-json\/wp\/v2\/posts\/730667\/revisions"}],"wp:featuredmedia":[{"embeddable":true,"href":"https:\/\/dailynewshungary.com\/it\/wp-json\/wp\/v2\/media\/730668"}],"wp:attachment":[{"href":"https:\/\/dailynewshungary.com\/it\/wp-json\/wp\/v2\/media?parent=730667"}],"wp:term":[{"taxonomy":"category","embeddable":true,"href":"https:\/\/dailynewshungary.com\/it\/wp-json\/wp\/v2\/categories?post=730667"},{"taxonomy":"post_tag","embeddable":true,"href":"https:\/\/dailynewshungary.com\/it\/wp-json\/wp\/v2\/tags?post=730667"}],"curies":[{"name":"wp","href":"https:\/\/api.w.org\/{rel}","templated":true}]}}