{"id":730697,"date":"2015-08-28T09:24:07","date_gmt":"2015-08-28T07:24:07","guid":{"rendered":"https:\/\/dailynewshungary.com\/it\/governo-il-parlamento-intende-modificare-diverse-leggi-in-riunione-straordinaria\/"},"modified":"2015-08-28T09:24:07","modified_gmt":"2015-08-28T07:24:07","slug":"governo-il-parlamento-intende-modificare-diverse-leggi-in-riunione-straordinaria","status":"publish","type":"post","link":"https:\/\/dailynewshungary.com\/it\/governo-il-parlamento-intende-modificare-diverse-leggi-in-riunione-straordinaria\/","title":{"rendered":"Governo: il Parlamento intende modificare diverse leggi in riunione straordinaria"},"content":{"rendered":"<p><strong>Budapest (MTI) Il Parlamento di Budapest \u00e8 pronto a modificare una serie di leggi nella sessione straordinaria della prossima settimana convocata per discutere sul rafforzamento delle protezioni delle frontiere, ha detto gioved\u00ec il capo dell&#8217;ufficio governativo Janos Lazar in una regolare conferenza stampa del governo.<\/strong><\/p>\n<p>Lazar ha detto di aver chiesto al relatore, Laszlo Kover, di convocare una riunione straordinaria dei comitati di difesa e sicurezza nazionale, dove i ministeri e i funzionari dei servizi segreti informeranno i rappresentanti sul loro lavoro in relazione all&#8217;ondata di migranti che entrano in Ungheria.<\/p>\n<p>Ha detto che i legislatori voteranno sulla modifica del codice penale per applicare sanzioni pi\u00f9 severe per il traffico di esseri umani e ampliare le norme sull&#8217;espulsione Il Parlamento modificher\u00e0 anche la legge relativa all&#8217;avvio di procedimenti contro i valichi di frontiera illegali al fine di accelerare il processo, aggiungendo che anche le leggi sull&#8217;asilo e la procedura civile potrebbero anche i legislatori approvare leggi sui regolamenti applicabili alle zone di transito, ha aggiunto. Il disegno di legge sulle proposte di emendamento sar\u00e0 presentato al parlamento dal ministro della Giustizia venerd\u00ec, ha detto Lazar.<\/p>\n<p>Il ministro ha affermato che il governo, sulla base degli eventi delle ultime 48 ore, ritiene che l&#8217;esercito sar\u00e0 necessario per la difesa del confine. Il lavoro di codificazione per garantire che si verifichino le condizioni legali necessarie per questa misura, ha affermato, aggiungendo che non sarebbero necessarie modifiche alla Costituzione. Ha affermato che la presenza della polizia alla frontiera dovrebbe essere aumentata in modo significativo il prima possibile.<\/p>\n<p>Lazar ha detto che il governo assumer\u00e0 un&#8217;agenzia internazionale per spargere la voce nei paesi di transito e nei paesi di origine dei migranti che l&#8217;Ungheria ha chiuso il suo confine meridionale. Ha detto che la campagna probabilmente coster\u00e0 \u201cmilioni di euro\u201d.<\/p>\n<p>Ha detto che il governo sta valutando la possibilit\u00e0 di installare altre attrezzature di sicurezza tra i due elementi della doppia barriera Il ministro ha detto che a meno che il governo non adotti le misure appropriate, il numero di migranti diretti verso l&#8217;Europa occidentale attraverso l&#8217;Ungheria potrebbe raggiungere o addirittura superare i 300.000 entro la fine dell&#8217;anno, ha detto che i rapporti delle autorit\u00e0 serbe avevano indicato che l&#8217;Ungheria potrebbe ricevere 6.000-8.000 migranti nei prossimi giorni.<\/p>\n<p>Lazar ha detto di aver incaricato il ministro degli Esteri Peter Szijjarto di informare la Germania e la Commissione europea sugli sviluppi delle ultime 48 ore al confine tra Ungheria e Serbia, ha detto che circa il 10% dei migranti ha aspettato fino alla fine del processo di asilo, mentre il 90% si \u00e8 diretto verso altri paesi. Ha detto che i migranti di quest&#8217;ultima categoria stanno diventando sempre pi\u00f9 aggressivi, rifiutandosi di collaborare con le autorit\u00e0. Ha detto che gli eventi degli ultimi giorni hanno chiarito che l&#8217;UE \u00e8 troppo settimanale per proteggere i suoi confini.<\/p>\n<p>L\u2019Unione Europea non riesce ad aiutare l\u2019Ungheria ad adempiere al proprio dovere di proteggere il confine Schengen, ha detto Lazar, aggiungendo che \u00e8 una vera e propria vergogna che l\u2019UE stia omettendo di fornire i relativi finanziamenti all\u2019Ungheria e allo stesso tempo di sostenere altri paesi colpiti dall\u2019ondata di migranti.<\/p>\n<p>La legislazione sulla costruzione dovr\u00e0 essere modificata per accogliere la costruzione di nuovi campi profughi, Gergely Gulyas, il capo del gruppo parlamentare di Fidesz, ha detto gioved\u00ec sera alla televisione pubblica M1. Ha detto che un&#8217;idea avanzata \u00e8 quella di allestire campi che sarebbero aperti \u201csolo verso Serbia\u201d, il che significa che i migranti potrebbero partire ma solo in direzione della Serbia Questa idea \u201c non \u00e8 stata esclusa, ha detto\u201d.<\/p>\n<p><em>Foto: MTI<\/em><\/p>\n","protected":false},"excerpt":{"rendered":"<p>Budapest (MTI) Il Parlamento di Budapest \u00e8 pronto a modificare una serie di leggi nella sessione straordinaria della prossima settimana convocata per discutere sul rafforzamento delle protezioni delle frontiere, ha detto gioved\u00ec il capo dell&#8217;ufficio governativo Janos Lazar in una regolare conferenza stampa del governo. Lazar ha detto di aver chiesto al relatore, Laszlo Kover, [&hellip;]<\/p>\n","protected":false},"author":2,"featured_media":730698,"comment_status":"open","ping_status":"open","sticky":false,"template":"","format":"standard","meta":{"_display_image":"","footnotes":""},"categories":[1185],"tags":[1291,1092],"class_list":["post-730697","post","type-post","status-publish","format-standard","has-post-thumbnail","hentry","category-politica-in-ungheria","tag-migrazione","tag-ministero-degli-affari-esteri-dellungheria"],"blocksy_meta":[],"author_username":"alk","telegram_post":"","public_post_metadata":{"breaking_news":"","important":"","csempe":"","center_tile":"","disable_thumbnail":"","target_lang":"","_featured_image_style":"","telegram_post":"","_xlat_group_id":""},"public_rank_math_data":{"title":"%titolo% %sep% %nomesito%","description":"","focus_keyword":"","canonical_url":"","robots":"","primary_category":"1185","breadcrumb_title":"","facebook_title":"","facebook_description":"","facebook_image":"","facebook_image_id":"","twitter_title":"","twitter_description":"","twitter_image":"","twitter_image_id":"","twitter_card_type":"","twitter_use_facebook":"","advanced_robots":"","pillar_content":"","seo_score":"","contentai_score":"","rich_snippet":""},"_links":{"self":[{"href":"https:\/\/dailynewshungary.com\/it\/wp-json\/wp\/v2\/posts\/730697","targetHints":{"allow":["GET"]}}],"collection":[{"href":"https:\/\/dailynewshungary.com\/it\/wp-json\/wp\/v2\/posts"}],"about":[{"href":"https:\/\/dailynewshungary.com\/it\/wp-json\/wp\/v2\/types\/post"}],"author":[{"embeddable":true,"href":"https:\/\/dailynewshungary.com\/it\/wp-json\/wp\/v2\/users\/2"}],"replies":[{"embeddable":true,"href":"https:\/\/dailynewshungary.com\/it\/wp-json\/wp\/v2\/comments?post=730697"}],"version-history":[{"count":0,"href":"https:\/\/dailynewshungary.com\/it\/wp-json\/wp\/v2\/posts\/730697\/revisions"}],"wp:featuredmedia":[{"embeddable":true,"href":"https:\/\/dailynewshungary.com\/it\/wp-json\/wp\/v2\/media\/730698"}],"wp:attachment":[{"href":"https:\/\/dailynewshungary.com\/it\/wp-json\/wp\/v2\/media?parent=730697"}],"wp:term":[{"taxonomy":"category","embeddable":true,"href":"https:\/\/dailynewshungary.com\/it\/wp-json\/wp\/v2\/categories?post=730697"},{"taxonomy":"post_tag","embeddable":true,"href":"https:\/\/dailynewshungary.com\/it\/wp-json\/wp\/v2\/tags?post=730697"}],"curies":[{"name":"wp","href":"https:\/\/api.w.org\/{rel}","templated":true}]}}