{"id":730729,"date":"2015-08-27T08:14:37","date_gmt":"2015-08-27T06:14:37","guid":{"rendered":"https:\/\/dailynewshungary.com\/it\/ministro-della-difesa-lesercito-partecipera-alla-sorveglianza-dei-confini-una-volta-modificata-la-legge\/"},"modified":"2015-08-27T08:14:37","modified_gmt":"2015-08-27T06:14:37","slug":"ministro-della-difesa-lesercito-partecipera-alla-sorveglianza-dei-confini-una-volta-modificata-la-legge","status":"publish","type":"post","link":"https:\/\/dailynewshungary.com\/it\/ministro-della-difesa-lesercito-partecipera-alla-sorveglianza-dei-confini-una-volta-modificata-la-legge\/","title":{"rendered":"Ministro della Difesa: l\u2019esercito parteciper\u00e0 alla sorveglianza dei confini una volta modificata la legge"},"content":{"rendered":"<p><strong>Budapest (MTI) (MTI) Attualmente la polizia \u00e8 incaricata di sorvegliare i confini dell&#8217;Ungheria, ma una volta modificate le norme legali, l&#8217;esercito potrebbe unirsi, ha detto mercoled\u00ec il ministro della Difesa Csaba Hende.<\/strong><\/p>\n<p>La Costituzione e la legge sulla difesa nazionale regolano l&#8217;uso dell&#8217;esercito ungherese, ma le leggi e i regolamenti attualmente in vigore non attribuiscono all&#8217;esercito un ruolo nella difesa e nella guardia del confine a meno che non debba essere difeso in caso di guerra militare. minaccia, ha detto Hende in una conferenza stampa tenutasi su un altro argomento a Szombathely, nell&#8217;Ungheria occidentale.<\/p>\n<p>Ha affermato che oltre a utilizzare l&#8217;esercito per compiti di difesa, pu\u00f2 essere utilizzato anche per altri servizi, utilizzando le sue capacit\u00e0 di sanit\u00e0 pubblica, servizi igienico-sanitari ed epidemiologia.<\/p>\n<p>Ha aggiunto che l&#8217;esercito attualmente non sta costruendo una recinzione ma istituendo una chiusura di sicurezza delle frontiere. Sar\u00e0 completato entro il 31 agosto e poi \u00e8 prevista la costruzione di un&#8217;\u201d di \u201csecondo elemento che coinvolger\u00e0 una struttura alta 3,5 metri durante l&#8217;autunno.<\/p>\n<p><em>Foto: MTI<\/em><\/p>\n","protected":false},"excerpt":{"rendered":"<p>Budapest (MTI) (MTI) Attualmente la polizia \u00e8 incaricata di sorvegliare i confini dell&#8217;Ungheria, ma una volta modificate le norme legali, l&#8217;esercito potrebbe unirsi, ha detto mercoled\u00ec il ministro della Difesa Csaba Hende. La Costituzione e la legge sulla difesa nazionale regolano l&#8217;uso dell&#8217;esercito ungherese, ma le leggi e i regolamenti attualmente in vigore non attribuiscono [&hellip;]<\/p>\n","protected":false},"author":2,"featured_media":730730,"comment_status":"open","ping_status":"open","sticky":false,"template":"","format":"standard","meta":{"_display_image":"","footnotes":""},"categories":[1185],"tags":[1450,1142,1291],"class_list":["post-730729","post","type-post","status-publish","format-standard","has-post-thumbnail","hentry","category-politica-in-ungheria","tag-diritto","tag-esercito","tag-migrazione"],"blocksy_meta":[],"author_username":"alk","telegram_post":"","public_post_metadata":{"breaking_news":"","important":"","csempe":"","center_tile":"","disable_thumbnail":"","target_lang":"","_featured_image_style":"","telegram_post":"","_xlat_group_id":""},"public_rank_math_data":{"title":"%titolo% %sep% %nomesito%","description":"","focus_keyword":"","canonical_url":"","robots":"","primary_category":"1185","breadcrumb_title":"","facebook_title":"","facebook_description":"","facebook_image":"","facebook_image_id":"","twitter_title":"","twitter_description":"","twitter_image":"","twitter_image_id":"","twitter_card_type":"","twitter_use_facebook":"","advanced_robots":"","pillar_content":"","seo_score":"","contentai_score":"","rich_snippet":""},"_links":{"self":[{"href":"https:\/\/dailynewshungary.com\/it\/wp-json\/wp\/v2\/posts\/730729","targetHints":{"allow":["GET"]}}],"collection":[{"href":"https:\/\/dailynewshungary.com\/it\/wp-json\/wp\/v2\/posts"}],"about":[{"href":"https:\/\/dailynewshungary.com\/it\/wp-json\/wp\/v2\/types\/post"}],"author":[{"embeddable":true,"href":"https:\/\/dailynewshungary.com\/it\/wp-json\/wp\/v2\/users\/2"}],"replies":[{"embeddable":true,"href":"https:\/\/dailynewshungary.com\/it\/wp-json\/wp\/v2\/comments?post=730729"}],"version-history":[{"count":0,"href":"https:\/\/dailynewshungary.com\/it\/wp-json\/wp\/v2\/posts\/730729\/revisions"}],"wp:featuredmedia":[{"embeddable":true,"href":"https:\/\/dailynewshungary.com\/it\/wp-json\/wp\/v2\/media\/730730"}],"wp:attachment":[{"href":"https:\/\/dailynewshungary.com\/it\/wp-json\/wp\/v2\/media?parent=730729"}],"wp:term":[{"taxonomy":"category","embeddable":true,"href":"https:\/\/dailynewshungary.com\/it\/wp-json\/wp\/v2\/categories?post=730729"},{"taxonomy":"post_tag","embeddable":true,"href":"https:\/\/dailynewshungary.com\/it\/wp-json\/wp\/v2\/tags?post=730729"}],"curies":[{"name":"wp","href":"https:\/\/api.w.org\/{rel}","templated":true}]}}