{"id":730735,"date":"2015-08-26T21:50:36","date_gmt":"2015-08-26T19:50:36","guid":{"rendered":"https:\/\/dailynewshungary.com\/it\/governo-ungheria-costretta-a-prendere-misure-unilaterali\/"},"modified":"2015-08-26T21:50:36","modified_gmt":"2015-08-26T19:50:36","slug":"governo-ungheria-costretta-a-prendere-misure-unilaterali","status":"publish","type":"post","link":"https:\/\/dailynewshungary.com\/it\/governo-ungheria-costretta-a-prendere-misure-unilaterali\/","title":{"rendered":"Governo: Ungheria costretta a prendere misure unilaterali \u00a0"},"content":{"rendered":"<p><strong>Budapest, 6 agosto (MTI) 2 Come Ungheria \u201crang l&#8217;allarme bell\u201d a Bruxelles invano, non ha avuto altra scelta se non quella di prendere misure unilaterali, ha detto il ministro delle Risorse umane Zoltan Balog.<\/strong><\/p>\n<p>In un&#8217;intervista trasmessa dalla radio pubblica tedesca Deutschlandfunk, al ministro \u00e8 stato chiesto della decisione del governo ungherese di costruire una recinzione lungo il confine meridionale con la Serbia per arginare il flusso di migranti.<\/p>\n<p>Il governo ha indicato diversi mesi fa che l&#8217;ondata di rifugiati diretti verso l&#8217;Unione Europea si stava spostando dal Mediterraneo ai Balcani e l&#8217;Ungheria stava diventando un importante paese di transito Bruxelles, tuttavia, non ha risposto all&#8217;avvertimento, ha detto Balog.<\/p>\n<p>Il governo \u00e8 stato quindi costretto ad adottare misure unilaterali che hanno sollevato qualche sopracciglio e, si spera, spingerebbero i decisori \u201c a reagire pi\u00f9 rapidamente\u201d poich\u00e9, attualmente, non ci sono risposte alla sfida n\u00e9 su scala europea n\u00e9 su scala nazionale, ha affermato il ministro.<\/p>\n<p>Ha detto dato che centinaia di migliaia di persone stanno cercando di entrare nel paese illegalmente, l&#8217;Ungheria non ha modo di decidere chi pu\u00f2 e vorrebbe prendere in Balog ha detto che \u00e8 stato a causa di questo che l&#8217;Ungheria \u00e8 stata costretta a costruire una recinzione di confine temporanea \u201cper vedere chi stanno attraversando il confine e cosa vogliono\u201d.<\/p>\n<p>Alla domanda se la recinzione avesse lo scopo di costringere i migranti ad attraversare paesi diversi dall\u2019Ungheria verso le loro destinazioni, il ministro ha detto che la rotta verso l\u2019Ungheria attraversa gli stati membri dell\u2019UE e i paesi che sperano di aderire all\u2019unione, ma nessuno di questi paesi ha registrato i migranti ma invece \u201csemplicemente lasciarli passare attraverso\u201d Balog ha detto che questi paesi non hanno tutti adempiuto ai loro obblighi, lasciando l&#8217;Ungheria \u201ccome il primo paese disposto a farlo\u201d, che serve anche gli interessi di Germania e Austria poich\u00e9 il 95% dei richiedenti asilo che entrano in Ungheria intendono trasferirsi in quei paesi.<\/p>\n<p>Il ministro ha detto che il comandamento di \u201clove thy neighbor\u201d dice di aiutare chi \u00e8 nel bisogno, mentre i cittadini si aspettano che il loro governo protegga il confine del loro paese, due aspetti che secondo Balog devono essere allineati Ha detto che incitare alla xenofobia \u00e8 sbagliato e che bisogna chiarire che i rifugiati sono \u201cproprio come il resto di noi\u201d L&#8217;Europa, tuttavia, deve chiedersi se vuole questa ondata migratoria, e se s\u00ec, che tipo di conseguenze avr\u00e0 sulla nostra coesistenza in Ungheria e in Europa, ha detto il ministro a Deutschlandfunk.<\/p>\n<p><em>Foto: MTI<\/em><\/p>\n","protected":false},"excerpt":{"rendered":"<p>Budapest, 6 agosto (MTI) 2 Come Ungheria \u201crang l&#8217;allarme bell\u201d a Bruxelles invano, non ha avuto altra scelta se non quella di prendere misure unilaterali, ha detto il ministro delle Risorse umane Zoltan Balog. In un&#8217;intervista trasmessa dalla radio pubblica tedesca Deutschlandfunk, al ministro \u00e8 stato chiesto della decisione del governo ungherese di costruire una [&hellip;]<\/p>\n","protected":false},"author":2,"featured_media":730736,"comment_status":"open","ping_status":"open","sticky":false,"template":"","format":"standard","meta":{"_display_image":"","footnotes":""},"categories":[1185],"tags":[1291,1075],"class_list":["post-730735","post","type-post","status-publish","format-standard","has-post-thumbnail","hentry","category-politica-in-ungheria","tag-migrazione","tag-unione-europea"],"blocksy_meta":[],"author_username":"alk","telegram_post":"","public_post_metadata":{"breaking_news":"","important":"","csempe":"","center_tile":"","disable_thumbnail":"","target_lang":"","_featured_image_style":"","telegram_post":"","_xlat_group_id":""},"public_rank_math_data":{"title":"%titolo% %sep% %nomesito%","description":"","focus_keyword":"","canonical_url":"","robots":"","primary_category":"1185","breadcrumb_title":"","facebook_title":"","facebook_description":"","facebook_image":"","facebook_image_id":"","twitter_title":"","twitter_description":"","twitter_image":"","twitter_image_id":"","twitter_card_type":"","twitter_use_facebook":"","advanced_robots":"","pillar_content":"","seo_score":"","contentai_score":"","rich_snippet":""},"_links":{"self":[{"href":"https:\/\/dailynewshungary.com\/it\/wp-json\/wp\/v2\/posts\/730735","targetHints":{"allow":["GET"]}}],"collection":[{"href":"https:\/\/dailynewshungary.com\/it\/wp-json\/wp\/v2\/posts"}],"about":[{"href":"https:\/\/dailynewshungary.com\/it\/wp-json\/wp\/v2\/types\/post"}],"author":[{"embeddable":true,"href":"https:\/\/dailynewshungary.com\/it\/wp-json\/wp\/v2\/users\/2"}],"replies":[{"embeddable":true,"href":"https:\/\/dailynewshungary.com\/it\/wp-json\/wp\/v2\/comments?post=730735"}],"version-history":[{"count":0,"href":"https:\/\/dailynewshungary.com\/it\/wp-json\/wp\/v2\/posts\/730735\/revisions"}],"wp:featuredmedia":[{"embeddable":true,"href":"https:\/\/dailynewshungary.com\/it\/wp-json\/wp\/v2\/media\/730736"}],"wp:attachment":[{"href":"https:\/\/dailynewshungary.com\/it\/wp-json\/wp\/v2\/media?parent=730735"}],"wp:term":[{"taxonomy":"category","embeddable":true,"href":"https:\/\/dailynewshungary.com\/it\/wp-json\/wp\/v2\/categories?post=730735"},{"taxonomy":"post_tag","embeddable":true,"href":"https:\/\/dailynewshungary.com\/it\/wp-json\/wp\/v2\/tags?post=730735"}],"curies":[{"name":"wp","href":"https:\/\/api.w.org\/{rel}","templated":true}]}}