{"id":730761,"date":"2015-08-25T20:55:06","date_gmt":"2015-08-25T18:55:06","guid":{"rendered":"https:\/\/dailynewshungary.com\/it\/bridging-europe-festival-per-concentrarsi-sulla-cultura-austriaca\/"},"modified":"2015-08-25T20:55:06","modified_gmt":"2015-08-25T18:55:06","slug":"bridging-europe-festival-per-concentrarsi-sulla-cultura-austriaca","status":"publish","type":"post","link":"https:\/\/dailynewshungary.com\/it\/bridging-europe-festival-per-concentrarsi-sulla-cultura-austriaca\/","title":{"rendered":"Bridging Europe Festival per concentrarsi sulla cultura austriaca"},"content":{"rendered":"<p><strong>Budapest, 5 agosto (MTI) 2 2 Il Bridging Europe Festival di quest&#8217;anno a Budapest metter\u00e0 al centro dell&#8217;attenzione la cultura e soprattutto la musica austriaca.<\/strong><\/p>\n<p>Il festival, che \u00e8 organizzato dal Palazzo delle Arti (Mupa) e dalla Budapest Festival Orchestra (BFZ), si svolger\u00e0 tra l&#8217;11 e il 16 settembre.<\/p>\n<p>I momenti salienti del festival includeranno tre concerti, con BFZ e il baritono tedesco Roman Trekel che eseguiranno la Sinfonia n. 7 di Mahler (in mi minore) a Mupa l&#8217;11, 12 e 13 settembre.<\/p>\n<p>Nel programma saranno presenti anche musica jazz, spettacoli di danza, bande di ottoni, canzoni alpine e cover di canzoni di successo.<\/p>\n<p>Il 14 settembre, le opere dello scettico e sempre pessimista scrittore austriaco Thomas Bernhard verranno evocate al Festival Theatre da attori e attrici ungheresi.<\/p>\n<p>Mihaly Mosonyi, compositore ungherese nato nel Burgenland 200 anni fa, sar\u00e0 commemorato da un concerto e da una mostra sulla sua vita.<\/p>\n<p>Il Bridging Europe Festival \u00e8 stato lanciato da Mupa e BFZ nel 2013, con l&#8217;obiettivo di focalizzare l&#8217;attenzione sull&#8217;identit\u00e0 europea attraverso la presentazione delle culture nazionali Quest&#8217;anno il festival \u00e8 sponsorizzato dal Kulturforum \u00d6sterreichisches.<\/p>\n","protected":false},"excerpt":{"rendered":"<p>Budapest, 5 agosto (MTI) 2 2 Il Bridging Europe Festival di quest&#8217;anno a Budapest metter\u00e0 al centro dell&#8217;attenzione la cultura e soprattutto la musica austriaca. Il festival, che \u00e8 organizzato dal Palazzo delle Arti (Mupa) e dalla Budapest Festival Orchestra (BFZ), si svolger\u00e0 tra l&#8217;11 e il 16 settembre. I momenti salienti del festival includeranno [&hellip;]<\/p>\n","protected":false},"author":2,"featured_media":730762,"comment_status":"open","ping_status":"open","sticky":false,"template":"","format":"standard","meta":{"_display_image":"","footnotes":""},"categories":[1304],"tags":[1137],"class_list":["post-730761","post","type-post","status-publish","format-standard","has-post-thumbnail","hentry","category-cultura-in-ungheria","tag-austria"],"blocksy_meta":[],"author_username":"alk","telegram_post":"","public_post_metadata":{"breaking_news":"","important":"","csempe":"","center_tile":"","disable_thumbnail":"","target_lang":"","_featured_image_style":"","telegram_post":"","_xlat_group_id":""},"public_rank_math_data":{"title":"%titolo% %sep% %nomesito%","description":"","focus_keyword":"","canonical_url":"","robots":"","primary_category":"1304","breadcrumb_title":"","facebook_title":"","facebook_description":"","facebook_image":"","facebook_image_id":"","twitter_title":"","twitter_description":"","twitter_image":"","twitter_image_id":"","twitter_card_type":"","twitter_use_facebook":"","advanced_robots":"","pillar_content":"","seo_score":"","contentai_score":"","rich_snippet":""},"_links":{"self":[{"href":"https:\/\/dailynewshungary.com\/it\/wp-json\/wp\/v2\/posts\/730761","targetHints":{"allow":["GET"]}}],"collection":[{"href":"https:\/\/dailynewshungary.com\/it\/wp-json\/wp\/v2\/posts"}],"about":[{"href":"https:\/\/dailynewshungary.com\/it\/wp-json\/wp\/v2\/types\/post"}],"author":[{"embeddable":true,"href":"https:\/\/dailynewshungary.com\/it\/wp-json\/wp\/v2\/users\/2"}],"replies":[{"embeddable":true,"href":"https:\/\/dailynewshungary.com\/it\/wp-json\/wp\/v2\/comments?post=730761"}],"version-history":[{"count":0,"href":"https:\/\/dailynewshungary.com\/it\/wp-json\/wp\/v2\/posts\/730761\/revisions"}],"wp:featuredmedia":[{"embeddable":true,"href":"https:\/\/dailynewshungary.com\/it\/wp-json\/wp\/v2\/media\/730762"}],"wp:attachment":[{"href":"https:\/\/dailynewshungary.com\/it\/wp-json\/wp\/v2\/media?parent=730761"}],"wp:term":[{"taxonomy":"category","embeddable":true,"href":"https:\/\/dailynewshungary.com\/it\/wp-json\/wp\/v2\/categories?post=730761"},{"taxonomy":"post_tag","embeddable":true,"href":"https:\/\/dailynewshungary.com\/it\/wp-json\/wp\/v2\/tags?post=730761"}],"curies":[{"name":"wp","href":"https:\/\/api.w.org\/{rel}","templated":true}]}}