{"id":730777,"date":"2015-08-25T12:52:46","date_gmt":"2015-08-25T10:52:46","guid":{"rendered":"https:\/\/dailynewshungary.com\/it\/il-governo-inasprira-la-legislazione-sulla-gestione-dei-migranti-e-sul-traffico-di-esseri-umani\/"},"modified":"2015-08-25T12:52:46","modified_gmt":"2015-08-25T10:52:46","slug":"il-governo-inasprira-la-legislazione-sulla-gestione-dei-migranti-e-sul-traffico-di-esseri-umani","status":"publish","type":"post","link":"https:\/\/dailynewshungary.com\/it\/il-governo-inasprira-la-legislazione-sulla-gestione-dei-migranti-e-sul-traffico-di-esseri-umani\/","title":{"rendered":"Il governo inasprir\u00e0 la legislazione sulla gestione dei migranti e sul traffico di esseri umani"},"content":{"rendered":"<p><strong>Budapest, 5 agosto (MTI) 2 Il governo presenter\u00e0 una nuova legislazione che pu\u00f2 fornire una \u201clegal seal\u201d per il confine ungherese, dopo quella \u201cphysical\u201d, ha affermato la recinzione di confine, Robert Repassy, segretario di stato presso il ministero della Giustizia.<\/strong><\/p>\n<p>Il codice penale sar\u00e0 inasprito sulle norme contro il traffico di esseri umani, ma anche le procedure per la gestione dei migranti saranno rese pi\u00f9 rapide ed efficienti, ha detto marted\u00ec al canale di notizie pubbliche M1.<\/p>\n<p>Ha osservato che, sebbene vi sia sempre la possibilit\u00e0 di ricorrere in appello, queste procedure giudiziarie possono essere accelerate.<\/p>\n<p>Apparendo sullo stesso programma, Bence Tuzson, portavoce del gruppo parlamentare di Fidesz al potere, ha detto che la nuova legge si concentrer\u00e0 sul rendere l&#8217;ingresso illegale e danneggiare gli atti criminali della recinzione di confine Richieder\u00e0 anche punizioni pi\u00f9 severe per il traffico di esseri umani, ha detto.<\/p>\n<p><em>Foto: MTI<\/em><\/p>\n","protected":false},"excerpt":{"rendered":"<p>Budapest, 5 agosto (MTI) 2 Il governo presenter\u00e0 una nuova legislazione che pu\u00f2 fornire una \u201clegal seal\u201d per il confine ungherese, dopo quella \u201cphysical\u201d, ha affermato la recinzione di confine, Robert Repassy, segretario di stato presso il ministero della Giustizia. Il codice penale sar\u00e0 inasprito sulle norme contro il traffico di esseri umani, ma anche [&hellip;]<\/p>\n","protected":false},"author":2,"featured_media":730778,"comment_status":"open","ping_status":"open","sticky":false,"template":"","format":"standard","meta":{"_display_image":"","footnotes":""},"categories":[1185],"tags":[1291],"class_list":["post-730777","post","type-post","status-publish","format-standard","has-post-thumbnail","hentry","category-politica-in-ungheria","tag-migrazione"],"blocksy_meta":[],"author_username":"alk","telegram_post":"","public_post_metadata":{"breaking_news":"","important":"","csempe":"","center_tile":"","disable_thumbnail":"","target_lang":"","_featured_image_style":"","telegram_post":"","_xlat_group_id":""},"public_rank_math_data":{"title":"%titolo% %sep% %nomesito%","description":"","focus_keyword":"","canonical_url":"","robots":"","primary_category":"1185","breadcrumb_title":"","facebook_title":"","facebook_description":"","facebook_image":"","facebook_image_id":"","twitter_title":"","twitter_description":"","twitter_image":"","twitter_image_id":"","twitter_card_type":"","twitter_use_facebook":"","advanced_robots":"","pillar_content":"","seo_score":"","contentai_score":"","rich_snippet":""},"_links":{"self":[{"href":"https:\/\/dailynewshungary.com\/it\/wp-json\/wp\/v2\/posts\/730777","targetHints":{"allow":["GET"]}}],"collection":[{"href":"https:\/\/dailynewshungary.com\/it\/wp-json\/wp\/v2\/posts"}],"about":[{"href":"https:\/\/dailynewshungary.com\/it\/wp-json\/wp\/v2\/types\/post"}],"author":[{"embeddable":true,"href":"https:\/\/dailynewshungary.com\/it\/wp-json\/wp\/v2\/users\/2"}],"replies":[{"embeddable":true,"href":"https:\/\/dailynewshungary.com\/it\/wp-json\/wp\/v2\/comments?post=730777"}],"version-history":[{"count":0,"href":"https:\/\/dailynewshungary.com\/it\/wp-json\/wp\/v2\/posts\/730777\/revisions"}],"wp:featuredmedia":[{"embeddable":true,"href":"https:\/\/dailynewshungary.com\/it\/wp-json\/wp\/v2\/media\/730778"}],"wp:attachment":[{"href":"https:\/\/dailynewshungary.com\/it\/wp-json\/wp\/v2\/media?parent=730777"}],"wp:term":[{"taxonomy":"category","embeddable":true,"href":"https:\/\/dailynewshungary.com\/it\/wp-json\/wp\/v2\/categories?post=730777"},{"taxonomy":"post_tag","embeddable":true,"href":"https:\/\/dailynewshungary.com\/it\/wp-json\/wp\/v2\/tags?post=730777"}],"curies":[{"name":"wp","href":"https:\/\/api.w.org\/{rel}","templated":true}]}}