{"id":730799,"date":"2015-08-24T14:00:02","date_gmt":"2015-08-24T12:00:02","guid":{"rendered":"https:\/\/dailynewshungary.com\/it\/ministro-della-giustizia-lungheria-non-puo-aspettare-una-nuova-politica-migratoria-dellue\/"},"modified":"2015-08-24T14:00:02","modified_gmt":"2015-08-24T12:00:02","slug":"ministro-della-giustizia-lungheria-non-puo-aspettare-una-nuova-politica-migratoria-dellue","status":"publish","type":"post","link":"https:\/\/dailynewshungary.com\/it\/ministro-della-giustizia-lungheria-non-puo-aspettare-una-nuova-politica-migratoria-dellue\/","title":{"rendered":"Ministro della Giustizia: l\u2019Ungheria non pu\u00f2 aspettare una nuova politica migratoria dell\u2019UE"},"content":{"rendered":"<p><strong>Budapest, 4 agosto (MTI) 2 L&#8217;Ungheria intende svolgere un ruolo attivo nella formazione della nuova politica migratoria dell&#8217;Unione Europea, ma il governo deve adottare misure proprie prima che le nuove regole siano finalizzate, ha detto il ministro della Giustizia Laszlo Trocsanyi al portale di notizie szegedma.hu luned\u00ec.<\/strong><\/p>\n<p>L&#8217;Ungheria \u00e8 all&#8217;estremit\u00e0 del campo europeo quando si tratta di chiedere misure severe per fermare l&#8217;immigrazione clandestina, ha detto il ministro, aggiungendo che l&#8217;Ungheria \u201cvorr\u00e0 far sentire la sua voce quando sar\u00e0 il momento di mettere insieme la nuova politica migratoria dell&#8217;Unione europea.\u201d<\/p>\n<p>Trocsanyi ha osservato che l&#8217;UE non ha una politica comune per affrontare la crisi dei migranti, e alcuni Stati membri devono affrontare una maggiore pressione migratoria rispetto ad altri I 28 Stati membri dovranno scendere a compromessi per raggiungere un accordo sulla nuova politica dell&#8217;unione, \u201cche non sar\u00e0 facile,\u201d ha detto il ministro.<\/p>\n<p>Riferendosi alla recinzione che l&#8217;Ungheria sta costruendo al confine con la Serbia per arginare il flusso di migranti illegali, Trocsanyi ha affermato che il paese \u00e8 costretto ad agire poich\u00e9 la crisi dei migranti ha creato una situazione di emergenza nella regione.\u201d Il ministro ha affermato che i confini dell&#8217;Ungheria dovrebbero essere solo essere attraversati ai valichi di frontiera legali perch\u00e9 \u201cavere 1.500 persone che entrano illegalmente nel paese su base giornaliera \u00e8 inaccettabile.\u201d<\/p>\n<p>Trocsanyi ha osservato che a settembre si terr\u00e0 una sessione straordinaria del parlamento per modificare il codice penale introducendo norme pi\u00f9 severe sull&#8217;immigrazione clandestina.<\/p>\n<p><em>Foto: MTI<\/em><\/p>\n","protected":false},"excerpt":{"rendered":"<p>Budapest, 4 agosto (MTI) 2 L&#8217;Ungheria intende svolgere un ruolo attivo nella formazione della nuova politica migratoria dell&#8217;Unione Europea, ma il governo deve adottare misure proprie prima che le nuove regole siano finalizzate, ha detto il ministro della Giustizia Laszlo Trocsanyi al portale di notizie szegedma.hu luned\u00ec. L&#8217;Ungheria \u00e8 all&#8217;estremit\u00e0 del campo europeo quando si [&hellip;]<\/p>\n","protected":false},"author":2,"featured_media":730800,"comment_status":"open","ping_status":"open","sticky":false,"template":"","format":"standard","meta":{"_display_image":"","footnotes":""},"categories":[1185],"tags":[1291,1075],"class_list":["post-730799","post","type-post","status-publish","format-standard","has-post-thumbnail","hentry","category-politica-in-ungheria","tag-migrazione","tag-unione-europea"],"blocksy_meta":[],"author_username":"alk","telegram_post":"","public_post_metadata":{"breaking_news":"","important":"","csempe":"","center_tile":"","disable_thumbnail":"","target_lang":"","_featured_image_style":"","telegram_post":"","_xlat_group_id":""},"public_rank_math_data":{"title":"%titolo% %sep% %nomesito%","description":"","focus_keyword":"","canonical_url":"","robots":"","primary_category":"1185","breadcrumb_title":"","facebook_title":"","facebook_description":"","facebook_image":"","facebook_image_id":"","twitter_title":"","twitter_description":"","twitter_image":"","twitter_image_id":"","twitter_card_type":"","twitter_use_facebook":"","advanced_robots":"","pillar_content":"","seo_score":"","contentai_score":"","rich_snippet":""},"_links":{"self":[{"href":"https:\/\/dailynewshungary.com\/it\/wp-json\/wp\/v2\/posts\/730799","targetHints":{"allow":["GET"]}}],"collection":[{"href":"https:\/\/dailynewshungary.com\/it\/wp-json\/wp\/v2\/posts"}],"about":[{"href":"https:\/\/dailynewshungary.com\/it\/wp-json\/wp\/v2\/types\/post"}],"author":[{"embeddable":true,"href":"https:\/\/dailynewshungary.com\/it\/wp-json\/wp\/v2\/users\/2"}],"replies":[{"embeddable":true,"href":"https:\/\/dailynewshungary.com\/it\/wp-json\/wp\/v2\/comments?post=730799"}],"version-history":[{"count":0,"href":"https:\/\/dailynewshungary.com\/it\/wp-json\/wp\/v2\/posts\/730799\/revisions"}],"wp:featuredmedia":[{"embeddable":true,"href":"https:\/\/dailynewshungary.com\/it\/wp-json\/wp\/v2\/media\/730800"}],"wp:attachment":[{"href":"https:\/\/dailynewshungary.com\/it\/wp-json\/wp\/v2\/media?parent=730799"}],"wp:term":[{"taxonomy":"category","embeddable":true,"href":"https:\/\/dailynewshungary.com\/it\/wp-json\/wp\/v2\/categories?post=730799"},{"taxonomy":"post_tag","embeddable":true,"href":"https:\/\/dailynewshungary.com\/it\/wp-json\/wp\/v2\/tags?post=730799"}],"curies":[{"name":"wp","href":"https:\/\/api.w.org\/{rel}","templated":true}]}}