{"id":731069,"date":"2015-08-09T14:01:40","date_gmt":"2015-08-09T12:01:40","guid":{"rendered":"https:\/\/dailynewshungary.com\/it\/budapest-apre-la-prima-area-di-transito-designata-per-i-migranti\/"},"modified":"2015-08-09T14:01:40","modified_gmt":"2015-08-09T12:01:40","slug":"budapest-apre-la-prima-area-di-transito-designata-per-i-migranti","status":"publish","type":"post","link":"https:\/\/dailynewshungary.com\/it\/budapest-apre-la-prima-area-di-transito-designata-per-i-migranti\/","title":{"rendered":"Budapest apre la prima area di transito designata per i migranti"},"content":{"rendered":"<p><strong>Budapest (MTI) (MTI) La prima area designata a Budapest a disposizione dei migranti \u00e8 stata aperta sabato nel sottopassaggio vicino alla stazione ferroviaria di Keleti, ha detto il capo delle forze dell&#8217;ordine del consiglio municipale.<\/strong><\/p>\n<p>Gyorgy Peto ha detto che il consiglio assicura la disponibilit\u00e0 di servizi igienici e medici di base nell&#8217;area designata Non \u00e8 possibile far sparire i migranti dai marciapiedi e dagli spazi pubblici della citt\u00e0 durante la notte ma l&#8217;apertura di tali aree di transito permette di ridurre la loro presenza al di fuori di essi, ha aggiunto.<\/p>\n<p>Si prevede che aree designate simili saranno aperte nelle stazioni ferroviarie di Nyugati e Deli, ha detto Peto all&#8217;inizio di questa settimana.<\/p>\n<p><em>Foto: MTI<\/em><\/p>\n","protected":false},"excerpt":{"rendered":"<p>Budapest (MTI) (MTI) La prima area designata a Budapest a disposizione dei migranti \u00e8 stata aperta sabato nel sottopassaggio vicino alla stazione ferroviaria di Keleti, ha detto il capo delle forze dell&#8217;ordine del consiglio municipale. Gyorgy Peto ha detto che il consiglio assicura la disponibilit\u00e0 di servizi igienici e medici di base nell&#8217;area designata Non [&hellip;]<\/p>\n","protected":false},"author":3,"featured_media":731070,"comment_status":"open","ping_status":"open","sticky":false,"template":"","format":"standard","meta":{"_display_image":"","footnotes":""},"categories":[1207],"tags":[1158,1291],"class_list":["post-731069","post","type-post","status-publish","format-standard","has-post-thumbnail","hentry","category-societa-in-ungheria","tag-budapest","tag-migrazione"],"blocksy_meta":[],"author_username":"becsi","telegram_post":"","public_post_metadata":{"breaking_news":"","important":"","csempe":"","center_tile":"","disable_thumbnail":"","target_lang":"","_featured_image_style":"","telegram_post":"","_xlat_group_id":""},"public_rank_math_data":{"title":"%titolo% %sep% %nomesito%","description":"","focus_keyword":"","canonical_url":"","robots":"","primary_category":"1207","breadcrumb_title":"","facebook_title":"","facebook_description":"","facebook_image":"","facebook_image_id":"","twitter_title":"","twitter_description":"","twitter_image":"","twitter_image_id":"","twitter_card_type":"","twitter_use_facebook":"","advanced_robots":"","pillar_content":"","seo_score":"","contentai_score":"","rich_snippet":""},"_links":{"self":[{"href":"https:\/\/dailynewshungary.com\/it\/wp-json\/wp\/v2\/posts\/731069","targetHints":{"allow":["GET"]}}],"collection":[{"href":"https:\/\/dailynewshungary.com\/it\/wp-json\/wp\/v2\/posts"}],"about":[{"href":"https:\/\/dailynewshungary.com\/it\/wp-json\/wp\/v2\/types\/post"}],"author":[{"embeddable":true,"href":"https:\/\/dailynewshungary.com\/it\/wp-json\/wp\/v2\/users\/3"}],"replies":[{"embeddable":true,"href":"https:\/\/dailynewshungary.com\/it\/wp-json\/wp\/v2\/comments?post=731069"}],"version-history":[{"count":0,"href":"https:\/\/dailynewshungary.com\/it\/wp-json\/wp\/v2\/posts\/731069\/revisions"}],"wp:featuredmedia":[{"embeddable":true,"href":"https:\/\/dailynewshungary.com\/it\/wp-json\/wp\/v2\/media\/731070"}],"wp:attachment":[{"href":"https:\/\/dailynewshungary.com\/it\/wp-json\/wp\/v2\/media?parent=731069"}],"wp:term":[{"taxonomy":"category","embeddable":true,"href":"https:\/\/dailynewshungary.com\/it\/wp-json\/wp\/v2\/categories?post=731069"},{"taxonomy":"post_tag","embeddable":true,"href":"https:\/\/dailynewshungary.com\/it\/wp-json\/wp\/v2\/tags?post=731069"}],"curies":[{"name":"wp","href":"https:\/\/api.w.org\/{rel}","templated":true}]}}