{"id":731073,"date":"2015-08-09T11:06:51","date_gmt":"2015-08-09T09:06:51","guid":{"rendered":"https:\/\/dailynewshungary.com\/it\/budapest-fornira-pozzi-dacqua-mobili-e-servizi-igienici-ai-migranti-intorno-alle-stazioni-ferroviarie-trafficate\/"},"modified":"2015-08-09T11:06:51","modified_gmt":"2015-08-09T09:06:51","slug":"budapest-fornira-pozzi-dacqua-mobili-e-servizi-igienici-ai-migranti-intorno-alle-stazioni-ferroviarie-trafficate","status":"publish","type":"post","link":"https:\/\/dailynewshungary.com\/it\/budapest-fornira-pozzi-dacqua-mobili-e-servizi-igienici-ai-migranti-intorno-alle-stazioni-ferroviarie-trafficate\/","title":{"rendered":"Budapest fornir\u00e0 pozzi d\u2019acqua mobili e servizi igienici ai migranti intorno alle stazioni ferroviarie trafficate"},"content":{"rendered":"<p><strong>Gy\u00f6rgy Petgy, capo del consiglio di polizia municipale, ha presentato la nuova stazione di transito in una conferenza stampa al terminal ferroviario Budapest-Keleti (Keleti p\u00e1lyaudvar), \u00e8 stato informato index.hu. Saranno allestite tre stazioni di transito: una al terminal ferroviario Budapest-Keleti, un&#8217;altra al terminal ferroviario Budapest-Nyugati (Nyugati p\u00e1lyaudvar) e una al terminal ferroviario Budapest-D\u00e9li (D\u00e9li p\u00e1lyaudvar). Queste stazioni sono dotate di pozzi d&#8217;acqua mobili e servizi igienici per i migranti a cui \u00e8 possibile accedere 24 ore su 24, 7 giorni su 7, e il Centro per i trasporti di Budapest (BKK) mette in funzione anche diversi autobus in modo che i migranti possano raggiungere le stazioni ferroviarie designate in modo facile e veloce.<\/strong><\/p>\n<p>Pet the ha sottolineato che la creazione di queste stazioni non significa automaticamente meno migranti nelle aree pubbliche. Tuttavia, spera che con l&#8217;aiuto dei volontari la loro presenza possa essere ridotta in aree trafficate come il terminal ferroviario di Keleti o il vicino II. Piazza J\u00e1nos P\u00e1l papa.<\/p>\n<p>La stazione di transito di Keleti sar\u00e0 nel sottopasso di piazza Baross, vicino all&#8217;edificio del Metropolitan Municipal Police Board Non ci sono posti disponibili al terminal ferroviario di Nyugati a questo punto, quindi dovranno essere fatti ulteriori accordi per trovare un posto adatto C&#8217;\u00e8 un corridoio raramente utilizzato al terminal ferroviario di D\u00e9li sul lato di V\u00e9rmez the, dove i migranti potranno utilizzare le docce pubbliche Si stima che saranno allestite entro mercoled\u00ec.<\/p>\n<p>Secondo Pet invece il piano \u00e8 quello di codificare a colori le stazioni di accoglienza, i volontari e i documenti dei migranti, facilitando loro la ricerca delle stazioni e degli autobus necessari; inoltre, il Centro per i trasporti di Budapest (BKK) fornir\u00e0 due autobus congiunti che circoleranno tutti i giorni dalle 7:00 alle 23:00, portando i migranti da una stazione all&#8217;altra. Gli autobus verranno disinfettati regolarmente e verranno utilizzati solo dai migranti.<\/p>\n<p><em>in base all&#8217;articolo del <span style=\"color: #0000ff;\"><a style=\"color: #0000ff;\" href=\"http:\/\/index.hu\/belfold\/2015\/08\/08\/mobilkutakat_veceket_biztositanak_a_migransoknak_a_palyaudvaroknal\/?utm_source=facebook&amp;utm_medium=share&amp;utm_campaign=index\" target=\"_blank\" rel=\"noopener\">indice.hu<\/a><\/span><\/em><br \/>\n<em>tradotto da Adrienn Sain<\/em><\/p>\n<p><em>Foto: MTI<\/em><\/p>\n","protected":false},"excerpt":{"rendered":"<p>Gy\u00f6rgy Petgy, capo del consiglio di polizia municipale, ha presentato la nuova stazione di transito in una conferenza stampa al terminal ferroviario Budapest-Keleti (Keleti p\u00e1lyaudvar), \u00e8 stato informato index.hu. Saranno allestite tre stazioni di transito: una al terminal ferroviario Budapest-Keleti, un&#8217;altra al terminal ferroviario Budapest-Nyugati (Nyugati p\u00e1lyaudvar) e una al terminal ferroviario Budapest-D\u00e9li (D\u00e9li p\u00e1lyaudvar). [&hellip;]<\/p>\n","protected":false},"author":2,"featured_media":731074,"comment_status":"open","ping_status":"open","sticky":false,"template":"","format":"standard","meta":{"_display_image":"","footnotes":""},"categories":[1207],"tags":[1158,1291],"class_list":["post-731073","post","type-post","status-publish","format-standard","has-post-thumbnail","hentry","category-societa-in-ungheria","tag-budapest","tag-migrazione"],"blocksy_meta":[],"author_username":"alk","telegram_post":"","public_post_metadata":{"breaking_news":"","important":"","csempe":"","center_tile":"","disable_thumbnail":"","target_lang":"","_featured_image_style":"","telegram_post":"","_xlat_group_id":""},"public_rank_math_data":{"title":"%titolo% %sep% %nomesito%","description":"","focus_keyword":"","canonical_url":"","robots":"","primary_category":"1207","breadcrumb_title":"","facebook_title":"","facebook_description":"","facebook_image":"","facebook_image_id":"","twitter_title":"","twitter_description":"","twitter_image":"","twitter_image_id":"","twitter_card_type":"","twitter_use_facebook":"","advanced_robots":"","pillar_content":"","seo_score":"","contentai_score":"","rich_snippet":""},"_links":{"self":[{"href":"https:\/\/dailynewshungary.com\/it\/wp-json\/wp\/v2\/posts\/731073","targetHints":{"allow":["GET"]}}],"collection":[{"href":"https:\/\/dailynewshungary.com\/it\/wp-json\/wp\/v2\/posts"}],"about":[{"href":"https:\/\/dailynewshungary.com\/it\/wp-json\/wp\/v2\/types\/post"}],"author":[{"embeddable":true,"href":"https:\/\/dailynewshungary.com\/it\/wp-json\/wp\/v2\/users\/2"}],"replies":[{"embeddable":true,"href":"https:\/\/dailynewshungary.com\/it\/wp-json\/wp\/v2\/comments?post=731073"}],"version-history":[{"count":0,"href":"https:\/\/dailynewshungary.com\/it\/wp-json\/wp\/v2\/posts\/731073\/revisions"}],"wp:featuredmedia":[{"embeddable":true,"href":"https:\/\/dailynewshungary.com\/it\/wp-json\/wp\/v2\/media\/731074"}],"wp:attachment":[{"href":"https:\/\/dailynewshungary.com\/it\/wp-json\/wp\/v2\/media?parent=731073"}],"wp:term":[{"taxonomy":"category","embeddable":true,"href":"https:\/\/dailynewshungary.com\/it\/wp-json\/wp\/v2\/categories?post=731073"},{"taxonomy":"post_tag","embeddable":true,"href":"https:\/\/dailynewshungary.com\/it\/wp-json\/wp\/v2\/tags?post=731073"}],"curies":[{"name":"wp","href":"https:\/\/api.w.org\/{rel}","templated":true}]}}