{"id":731083,"date":"2015-08-08T16:00:20","date_gmt":"2015-08-08T14:00:20","guid":{"rendered":"https:\/\/dailynewshungary.com\/it\/jobbik-puo-governare-solo-come-partito-popolare-dice-vona\/"},"modified":"2015-08-08T16:00:20","modified_gmt":"2015-08-08T14:00:20","slug":"jobbik-puo-governare-solo-come-partito-popolare-dice-vona","status":"publish","type":"post","link":"https:\/\/dailynewshungary.com\/it\/jobbik-puo-governare-solo-come-partito-popolare-dice-vona\/","title":{"rendered":"Jobbik pu\u00f2 governare solo come partito popolare, dice Vona"},"content":{"rendered":"<p><strong>Gheorgheni Romania (MTI), Jobbik pu\u00f2 governare solo come partito popolare, ha detto venerd\u00ec a Gheorgheni (Gyergyoszentmiklos), Romania, Gabor Vona, leader del partito nazionalista radicale.<\/strong><\/p>\n<p>\u00c8 giunto il momento che Jobbik inizi a prepararsi per le nuove responsabilit\u00e0 di leadership, ha detto Vona in una discussione sul podio organizzata dalla Giovent\u00f9 ungherese della Transilvania, aggiungendo che le elezioni generali del 2018 porteranno una rivalit\u00e0 tra Fidesz al potere e il suo stesso partito.<\/p>\n<p>Vona ha affermato che Fidesz \u00e8 riuscito a stabilizzare l&#8217;economia e ha elogiato gli sforzi del governo riguardo alla sua politica per le comunit\u00e0 ungheresi all&#8217;estero.<\/p>\n<p>Il leader Jobbik ha detto, tuttavia, che il primo ministro Viktor Orban aveva fatto della societ\u00e0 ungherese \u201cstifling\u201d Ha detto che il governo di Orban aveva \u201cfallen sotto\u201d il governo Gyurcsany. \u201cViktor Orban aveva trascorso cos\u00ec tanto tempo a combattere il socialismo che ne cre\u00f2 un&#8217;altra versione, ha detto.<\/p>\n<p>Vona ha citato l&#8217;eliminazione della corruzione come uno degli obiettivi primari del suo partito. Ha detto che un simile obiettivo \u00e8 irraggiungibile per Fidesz e il Partito socialista, poich\u00e9 entrambi i partiti sono \u201cfondati sulla corruzione\u201d.<\/p>\n<p>Ha detto che l&#8217;Ungheria ha bisogno di una visione chiara per il futuro al fine di prevenire l&#8217;emigrazione di massa dei suoi cittadini.<\/p>\n<p>In tema di crisi migratoria dell&#8217;Europa, Vona ha detto che la questione dovrebbe essere affrontata in modo pi\u00f9 rigoroso, e ha espresso sostegno per la recinzione dell&#8217;Ungheria che sar\u00e0 presto completata lungo il suo confine con la Serbia, ha detto che il numero di migranti che entrano in Europa \u00e8 cos\u00ec alto che sarebbe impossibile per loro integrarsi nella societ\u00e0 e finirebbero quindi per formare le proprie comunit\u00e0.<\/p>\n<p>Il vice leader di Jobbik, Istvan Szavay, ha affermato che la sfida pi\u00f9 grande che la politica del paese deve affrontare per le comunit\u00e0 ungheresi all&#8217;estero \u00e8 garantire la sopravvivenza delle comunit\u00e0 della diaspora, per le quali ha affermato che il governo non ha una strategia.<\/p>\n<p><em>Foto: MTI<\/em><\/p>\n","protected":false},"excerpt":{"rendered":"<p>Gheorgheni Romania (MTI), Jobbik pu\u00f2 governare solo come partito popolare, ha detto venerd\u00ec a Gheorgheni (Gyergyoszentmiklos), Romania, Gabor Vona, leader del partito nazionalista radicale. \u00c8 giunto il momento che Jobbik inizi a prepararsi per le nuove responsabilit\u00e0 di leadership, ha detto Vona in una discussione sul podio organizzata dalla Giovent\u00f9 ungherese della Transilvania, aggiungendo che [&hellip;]<\/p>\n","protected":false},"author":3,"featured_media":731084,"comment_status":"open","ping_status":"open","sticky":false,"template":"","format":"standard","meta":{"_display_image":"","footnotes":""},"categories":[1185],"tags":[1412],"class_list":["post-731083","post","type-post","status-publish","format-standard","has-post-thumbnail","hentry","category-politica-in-ungheria","tag-jobbik"],"blocksy_meta":[],"author_username":"becsi","telegram_post":"","public_post_metadata":{"breaking_news":"","important":"","csempe":"","center_tile":"","disable_thumbnail":"","target_lang":"","_featured_image_style":"","telegram_post":"","_xlat_group_id":""},"public_rank_math_data":{"title":"%titolo% %sep% %nomesito%","description":"","focus_keyword":"","canonical_url":"","robots":"","primary_category":"1185","breadcrumb_title":"","facebook_title":"","facebook_description":"","facebook_image":"","facebook_image_id":"","twitter_title":"","twitter_description":"","twitter_image":"","twitter_image_id":"","twitter_card_type":"","twitter_use_facebook":"","advanced_robots":"","pillar_content":"","seo_score":"","contentai_score":"","rich_snippet":""},"_links":{"self":[{"href":"https:\/\/dailynewshungary.com\/it\/wp-json\/wp\/v2\/posts\/731083","targetHints":{"allow":["GET"]}}],"collection":[{"href":"https:\/\/dailynewshungary.com\/it\/wp-json\/wp\/v2\/posts"}],"about":[{"href":"https:\/\/dailynewshungary.com\/it\/wp-json\/wp\/v2\/types\/post"}],"author":[{"embeddable":true,"href":"https:\/\/dailynewshungary.com\/it\/wp-json\/wp\/v2\/users\/3"}],"replies":[{"embeddable":true,"href":"https:\/\/dailynewshungary.com\/it\/wp-json\/wp\/v2\/comments?post=731083"}],"version-history":[{"count":0,"href":"https:\/\/dailynewshungary.com\/it\/wp-json\/wp\/v2\/posts\/731083\/revisions"}],"wp:featuredmedia":[{"embeddable":true,"href":"https:\/\/dailynewshungary.com\/it\/wp-json\/wp\/v2\/media\/731084"}],"wp:attachment":[{"href":"https:\/\/dailynewshungary.com\/it\/wp-json\/wp\/v2\/media?parent=731083"}],"wp:term":[{"taxonomy":"category","embeddable":true,"href":"https:\/\/dailynewshungary.com\/it\/wp-json\/wp\/v2\/categories?post=731083"},{"taxonomy":"post_tag","embeddable":true,"href":"https:\/\/dailynewshungary.com\/it\/wp-json\/wp\/v2\/tags?post=731083"}],"curies":[{"name":"wp","href":"https:\/\/api.w.org\/{rel}","templated":true}]}}