{"id":731093,"date":"2015-08-08T08:00:16","date_gmt":"2015-08-08T06:00:16","guid":{"rendered":"https:\/\/dailynewshungary.com\/it\/i-migranti-illegali-tagliano-la-recinzione-preliminare-al-confine-serbo\/"},"modified":"2015-08-08T08:00:16","modified_gmt":"2015-08-08T06:00:16","slug":"i-migranti-illegali-tagliano-la-recinzione-preliminare-al-confine-serbo","status":"publish","type":"post","link":"https:\/\/dailynewshungary.com\/it\/i-migranti-illegali-tagliano-la-recinzione-preliminare-al-confine-serbo\/","title":{"rendered":"I migranti illegali tagliano la recinzione preliminare al confine serbo"},"content":{"rendered":"<p><strong>Budapest (MTI) 18 migranti illegali Un gruppo di 18 migranti illegali ha tagliato la barriera metallica che viene eretta al confine con la Serbia vicino ad Asotthalom, ha riferito venerd\u00ec il canale di notizie pubbliche M1.<\/strong><\/p>\n<p>Gli immigrati clandestini hanno tentato di raggiungere l&#8217;Ungheria gioved\u00ec sera ma la polizia li ha arrestati, ha riferito il nuovo programma.<\/p>\n<p>Alla domanda sulle notizie di stampa secondo cui la recinzione a questo punto \u00e8 alta la met\u00e0 di quanto originariamente previsto, il portavoce del governo ha detto a MTI che lo stato attuale delle cose \u00e8 temporaneo e che la costruzione sar\u00e0 effettuata secondo i piani originali.<\/p>\n<p>L&#8217;Ungheria sta costruendo una recinzione lungo una sezione di confine di 175 km con la Serbia per fermare una massiccia ondata di immigrati clandestini.<\/p>\n<p>Il completamento della struttura \u00e8 previsto entro il 31 agosto.<\/p>\n<p>Venerd\u00ec pi\u00f9 di 110.000 immigrati clandestini erano arrivati in Ungheria, ha detto il portavoce.<\/p>\n<p><em>Foto: MTI (scattata il 5 agosto)<\/em><\/p>\n","protected":false},"excerpt":{"rendered":"<p>Budapest (MTI) 18 migranti illegali Un gruppo di 18 migranti illegali ha tagliato la barriera metallica che viene eretta al confine con la Serbia vicino ad Asotthalom, ha riferito venerd\u00ec il canale di notizie pubbliche M1. Gli immigrati clandestini hanno tentato di raggiungere l&#8217;Ungheria gioved\u00ec sera ma la polizia li ha arrestati, ha riferito il [&hellip;]<\/p>\n","protected":false},"author":3,"featured_media":731094,"comment_status":"open","ping_status":"open","sticky":false,"template":"","format":"standard","meta":{"_display_image":"","footnotes":""},"categories":[1207],"tags":[1291],"class_list":["post-731093","post","type-post","status-publish","format-standard","has-post-thumbnail","hentry","category-societa-in-ungheria","tag-migrazione"],"blocksy_meta":[],"author_username":"becsi","telegram_post":"","public_post_metadata":{"breaking_news":"","important":"","csempe":"","center_tile":"","disable_thumbnail":"","target_lang":"","_featured_image_style":"","telegram_post":"","_xlat_group_id":""},"public_rank_math_data":{"title":"%titolo% %sep% %nomesito%","description":"","focus_keyword":"","canonical_url":"","robots":"","primary_category":"1207","breadcrumb_title":"","facebook_title":"","facebook_description":"","facebook_image":"","facebook_image_id":"","twitter_title":"","twitter_description":"","twitter_image":"","twitter_image_id":"","twitter_card_type":"","twitter_use_facebook":"","advanced_robots":"","pillar_content":"","seo_score":"","contentai_score":"","rich_snippet":""},"_links":{"self":[{"href":"https:\/\/dailynewshungary.com\/it\/wp-json\/wp\/v2\/posts\/731093","targetHints":{"allow":["GET"]}}],"collection":[{"href":"https:\/\/dailynewshungary.com\/it\/wp-json\/wp\/v2\/posts"}],"about":[{"href":"https:\/\/dailynewshungary.com\/it\/wp-json\/wp\/v2\/types\/post"}],"author":[{"embeddable":true,"href":"https:\/\/dailynewshungary.com\/it\/wp-json\/wp\/v2\/users\/3"}],"replies":[{"embeddable":true,"href":"https:\/\/dailynewshungary.com\/it\/wp-json\/wp\/v2\/comments?post=731093"}],"version-history":[{"count":0,"href":"https:\/\/dailynewshungary.com\/it\/wp-json\/wp\/v2\/posts\/731093\/revisions"}],"wp:featuredmedia":[{"embeddable":true,"href":"https:\/\/dailynewshungary.com\/it\/wp-json\/wp\/v2\/media\/731094"}],"wp:attachment":[{"href":"https:\/\/dailynewshungary.com\/it\/wp-json\/wp\/v2\/media?parent=731093"}],"wp:term":[{"taxonomy":"category","embeddable":true,"href":"https:\/\/dailynewshungary.com\/it\/wp-json\/wp\/v2\/categories?post=731093"},{"taxonomy":"post_tag","embeddable":true,"href":"https:\/\/dailynewshungary.com\/it\/wp-json\/wp\/v2\/tags?post=731093"}],"curies":[{"name":"wp","href":"https:\/\/api.w.org\/{rel}","templated":true}]}}