{"id":731101,"date":"2015-08-07T14:02:01","date_gmt":"2015-08-07T12:02:01","guid":{"rendered":"https:\/\/dailynewshungary.com\/it\/estratto-nessun-bisogno-di-quote-sui-rifugiati-di-sgenuine-dice-sijjarto-al-quotidiano-tedesco\/"},"modified":"2015-08-07T14:02:01","modified_gmt":"2015-08-07T12:02:01","slug":"estratto-nessun-bisogno-di-quote-sui-rifugiati-di-sgenuine-dice-sijjarto-al-quotidiano-tedesco","status":"publish","type":"post","link":"https:\/\/dailynewshungary.com\/it\/estratto-nessun-bisogno-di-quote-sui-rifugiati-di-sgenuine-dice-sijjarto-al-quotidiano-tedesco\/","title":{"rendered":"ESTRATTO (Nessun bisogno di quote sui rifugiati di S\u201cgenuine\u201d), dice S\u201cijjarto al quotidiano tedesco"},"content":{"rendered":"<p><strong>Berlino, 6 agosto (MTI) Il ministro degli Esteri ungherese, in un&#8217;intervista al quotidiano tedesco Passauer Neue Presse pubblicata gioved\u00ec, ha affermato che non \u00e8 necessaria una quota sui veri rifugiati, che l&#8217;Ungheria \u00e8 disposta ad accogliere.<\/strong><\/p>\n<p>L&#8217;Ungheria \u00e8 sempre stata aperta alle persone perseguitate nel loro paese d&#8217;origine per motivi politici o religiosi e far\u00e0 lo stesso in futuro, ha detto Szijjarto.<\/p>\n<p>\u00c8 importante fare una distinzione tra rifugiati e migranti economici; mentre l&#8217;Ungheria ha sempre fornito protezione a \u201cgenuine refugees\u201d, \u201cnon possiamo accettare migranti economici\u201d, ha affermato.<\/p>\n<p>Il numero di migranti che arrivano in Ungheria ha superato i 100.000, che \u00e8 il maggior numero di arrivi tra tutti i paesi dell&#8217;Unione Europea Di conseguenza, non rimane altra soluzione se non quella di costruire un ostacolo fisico, ha detto commentando la recinzione in costruzione sul confine ungherese-serbo.<\/p>\n<p>L\u2019Ungheria \u00e8 sotto doppia pressione perch\u00e9 oltre ai migranti che arrivano dalla direzione della Serbia, le normative UE consentono ai membri di rimpatriare i migranti in Ungheria se l\u2019hanno attraversata.<\/p>\n<p>Commentando il rifiuto dell&#8217;Ungheria di accettare i migranti in linea con un sistema di quote, ha detto \u201cdiciamo no\u201d perch\u00e9 i migranti dovrebbero essere portati via dall&#8217;Ungheria invece di essere rimandati l\u00ec.<\/p>\n<p>L&#8217;intera intervista pu\u00f2 essere letta in tedesco su http:\/\/www.pnp.de\/nachrichten\/heute_in_ihrer_tageszeitung\/politik\/1767387_Fuer-echte-Fluechtlinge-brauchen-wir-keine-Quote.html<\/p>\n<p><em>Foto: MTI<\/em><\/p>\n","protected":false},"excerpt":{"rendered":"<p>Berlino, 6 agosto (MTI) Il ministro degli Esteri ungherese, in un&#8217;intervista al quotidiano tedesco Passauer Neue Presse pubblicata gioved\u00ec, ha affermato che non \u00e8 necessaria una quota sui veri rifugiati, che l&#8217;Ungheria \u00e8 disposta ad accogliere. L&#8217;Ungheria \u00e8 sempre stata aperta alle persone perseguitate nel loro paese d&#8217;origine per motivi politici o religiosi e far\u00e0 [&hellip;]<\/p>\n","protected":false},"author":3,"featured_media":731102,"comment_status":"open","ping_status":"open","sticky":false,"template":"","format":"standard","meta":{"_display_image":"","footnotes":""},"categories":[1185],"tags":[1291,1092],"class_list":["post-731101","post","type-post","status-publish","format-standard","has-post-thumbnail","hentry","category-politica-in-ungheria","tag-migrazione","tag-ministero-degli-affari-esteri-dellungheria"],"blocksy_meta":[],"author_username":"becsi","telegram_post":"","public_post_metadata":{"breaking_news":"","important":"","csempe":"","center_tile":"","disable_thumbnail":"","target_lang":"","_featured_image_style":"","telegram_post":"","_xlat_group_id":""},"public_rank_math_data":{"title":"%titolo% %sep% %nomesito%","description":"","focus_keyword":"","canonical_url":"","robots":"","primary_category":"1185","breadcrumb_title":"","facebook_title":"","facebook_description":"","facebook_image":"","facebook_image_id":"","twitter_title":"","twitter_description":"","twitter_image":"","twitter_image_id":"","twitter_card_type":"","twitter_use_facebook":"","advanced_robots":"","pillar_content":"","seo_score":"","contentai_score":"","rich_snippet":""},"_links":{"self":[{"href":"https:\/\/dailynewshungary.com\/it\/wp-json\/wp\/v2\/posts\/731101","targetHints":{"allow":["GET"]}}],"collection":[{"href":"https:\/\/dailynewshungary.com\/it\/wp-json\/wp\/v2\/posts"}],"about":[{"href":"https:\/\/dailynewshungary.com\/it\/wp-json\/wp\/v2\/types\/post"}],"author":[{"embeddable":true,"href":"https:\/\/dailynewshungary.com\/it\/wp-json\/wp\/v2\/users\/3"}],"replies":[{"embeddable":true,"href":"https:\/\/dailynewshungary.com\/it\/wp-json\/wp\/v2\/comments?post=731101"}],"version-history":[{"count":0,"href":"https:\/\/dailynewshungary.com\/it\/wp-json\/wp\/v2\/posts\/731101\/revisions"}],"wp:featuredmedia":[{"embeddable":true,"href":"https:\/\/dailynewshungary.com\/it\/wp-json\/wp\/v2\/media\/731102"}],"wp:attachment":[{"href":"https:\/\/dailynewshungary.com\/it\/wp-json\/wp\/v2\/media?parent=731101"}],"wp:term":[{"taxonomy":"category","embeddable":true,"href":"https:\/\/dailynewshungary.com\/it\/wp-json\/wp\/v2\/categories?post=731101"},{"taxonomy":"post_tag","embeddable":true,"href":"https:\/\/dailynewshungary.com\/it\/wp-json\/wp\/v2\/tags?post=731101"}],"curies":[{"name":"wp","href":"https:\/\/api.w.org\/{rel}","templated":true}]}}