{"id":731117,"date":"2015-08-06T12:00:13","date_gmt":"2015-08-06T10:00:13","guid":{"rendered":"https:\/\/dailynewshungary.com\/it\/budapest-crea-aree-designate-per-i-migranti-in-transito\/"},"modified":"2015-08-06T12:00:13","modified_gmt":"2015-08-06T10:00:13","slug":"budapest-crea-aree-designate-per-i-migranti-in-transito","status":"publish","type":"post","link":"https:\/\/dailynewshungary.com\/it\/budapest-crea-aree-designate-per-i-migranti-in-transito\/","title":{"rendered":"Budapest crea aree designate per i migranti in transito"},"content":{"rendered":"<p><strong>Budapest (MTI) (MTI) La citt\u00e0 di Budapest istituir\u00e0 aree di transito designate a Budapest dove i migranti che attraversano la citt\u00e0 potranno usufruire dei servizi igienici e medici di base, ha detto mercoled\u00ec il capo delle forze dell&#8217;ordine del consiglio municipale.<\/strong><\/p>\n<p>Dopo i colloqui con il sindaco di Budapest Istvan Tarlos \u00e8 stato concordato che le aree sarebbero state delimitate vicino alle stazioni ferroviarie di Keleti, Nyugati e Deli dove possono essere forniti i servizi di base, ha detto Gyorgy Peto in una conferenza stampa.<\/p>\n<p>La citt\u00e0 sosterr\u00e0 il lavoro dei volontari che stanno distribuendo acqua potabile, cibo e prodotti sanitari ai migranti che arrivano dal confine, il consiglio comunale fornir\u00e0 acqua di rubinetto, servizi igienici e la possibilit\u00e0 di fare docce, ha detto Peto Le condizioni sanitarie saranno assicurate da servizi di pulizia potenziati, ha aggiunto.<\/p>\n<p>Ci saranno autobus che trasporteranno i migranti tra le stazioni ferroviarie secondo l&#8217;itinerario che dovranno seguire per raggiungere il loro campo profughi designato, si consiglia ai migranti di utilizzare questo servizio al posto dei mezzi pubblici dove viaggiando senza biglietto sarebbero soggetti a una multa Il pattugliamento della polizia sar\u00e0 potenziato anche in queste aree e agli assistenti sociali \u00e8 stato chiesto di coordinarsi per garantire gli standard sanitari e igienici di base nelle aree con un gran numero di migranti, ha aggiunto.<\/p>\n<p>Il partito nazionalista radicale Jobbik ha criticato il piano e ha sostenuto che i campi profughi dovrebbero essere allestiti fuori citt\u00e0 piuttosto che al centro.<\/p>\n<p>Il direttore regionale di Jobbik Janos Stummer ha affermato che la designazione delle aree in prossimit\u00e0 delle stazioni ferroviarie mostra una spaventosa irresponsabilit\u00e0\u201d e ha insistito sul fatto che le strutture per gli immigrati porterebbero alla \u201cconservazione di problemi sempre pi\u00f9 gravi di pubblica sicurezza e salute nel bel mezzo della citt\u00e0\u201d.<\/p>\n<p><em>Foto: MTI<\/em><\/p>\n","protected":false},"excerpt":{"rendered":"<p>Budapest (MTI) (MTI) La citt\u00e0 di Budapest istituir\u00e0 aree di transito designate a Budapest dove i migranti che attraversano la citt\u00e0 potranno usufruire dei servizi igienici e medici di base, ha detto mercoled\u00ec il capo delle forze dell&#8217;ordine del consiglio municipale. Dopo i colloqui con il sindaco di Budapest Istvan Tarlos \u00e8 stato concordato che [&hellip;]<\/p>\n","protected":false},"author":3,"featured_media":731118,"comment_status":"open","ping_status":"open","sticky":false,"template":"","format":"standard","meta":{"_display_image":"","footnotes":""},"categories":[1185],"tags":[1412,1291],"class_list":["post-731117","post","type-post","status-publish","format-standard","has-post-thumbnail","hentry","category-politica-in-ungheria","tag-jobbik","tag-migrazione"],"blocksy_meta":[],"author_username":"becsi","telegram_post":"","public_post_metadata":{"breaking_news":"","important":"","csempe":"","center_tile":"","disable_thumbnail":"","target_lang":"","_featured_image_style":"","telegram_post":"","_xlat_group_id":""},"public_rank_math_data":{"title":"%titolo% %sep% %nomesito%","description":"","focus_keyword":"","canonical_url":"","robots":"","primary_category":"1185","breadcrumb_title":"","facebook_title":"","facebook_description":"","facebook_image":"","facebook_image_id":"","twitter_title":"","twitter_description":"","twitter_image":"","twitter_image_id":"","twitter_card_type":"","twitter_use_facebook":"","advanced_robots":"","pillar_content":"","seo_score":"","contentai_score":"","rich_snippet":""},"_links":{"self":[{"href":"https:\/\/dailynewshungary.com\/it\/wp-json\/wp\/v2\/posts\/731117","targetHints":{"allow":["GET"]}}],"collection":[{"href":"https:\/\/dailynewshungary.com\/it\/wp-json\/wp\/v2\/posts"}],"about":[{"href":"https:\/\/dailynewshungary.com\/it\/wp-json\/wp\/v2\/types\/post"}],"author":[{"embeddable":true,"href":"https:\/\/dailynewshungary.com\/it\/wp-json\/wp\/v2\/users\/3"}],"replies":[{"embeddable":true,"href":"https:\/\/dailynewshungary.com\/it\/wp-json\/wp\/v2\/comments?post=731117"}],"version-history":[{"count":0,"href":"https:\/\/dailynewshungary.com\/it\/wp-json\/wp\/v2\/posts\/731117\/revisions"}],"wp:featuredmedia":[{"embeddable":true,"href":"https:\/\/dailynewshungary.com\/it\/wp-json\/wp\/v2\/media\/731118"}],"wp:attachment":[{"href":"https:\/\/dailynewshungary.com\/it\/wp-json\/wp\/v2\/media?parent=731117"}],"wp:term":[{"taxonomy":"category","embeddable":true,"href":"https:\/\/dailynewshungary.com\/it\/wp-json\/wp\/v2\/categories?post=731117"},{"taxonomy":"post_tag","embeddable":true,"href":"https:\/\/dailynewshungary.com\/it\/wp-json\/wp\/v2\/tags?post=731117"}],"curies":[{"name":"wp","href":"https:\/\/api.w.org\/{rel}","templated":true}]}}